{"id":6615,"date":"2024-08-27T16:58:07","date_gmt":"2024-08-27T16:58:07","guid":{"rendered":"https:\/\/pinandtrip.com\/?p=6615"},"modified":"2026-04-11T19:00:25","modified_gmt":"2026-04-11T19:00:25","slug":"o-zi-in-funchal-capitala-madeirei-top-6-lucruri-de-facut-in-funchal","status":"publish","type":"post","link":"https:\/\/pinandtrip.com\/en\/o-zi-in-funchal-capitala-madeirei-top-6-lucruri-de-facut-in-funchal\/","title":{"rendered":"A day in Funchal, the capital of Madeira - TOP 6 things to do in Funchal"},"content":{"rendered":"<div data-elementor-type=\"wp-post\" data-elementor-id=\"6615\" class=\"elementor elementor-6615\" data-elementor-post-type=\"post\">\n\t\t\t\t\t\t<section class=\"elementor-section elementor-top-section elementor-element elementor-element-97a7cce elementor-section-boxed elementor-section-height-default elementor-section-height-default\" data-id=\"97a7cce\" data-element_type=\"section\">\n\t\t\t\t\t\t<div class=\"elementor-container elementor-column-gap-default\">\n\t\t\t\t\t<div class=\"elementor-column elementor-col-100 elementor-top-column elementor-element elementor-element-1a9edf1\" data-id=\"1a9edf1\" data-element_type=\"column\">\n\t\t\t<div class=\"elementor-widget-wrap elementor-element-populated\">\n\t\t\t\t\t\t<div class=\"elementor-element elementor-element-2d1cbe0 elementor-widget elementor-widget-text-editor\" data-id=\"2d1cbe0\" data-element_type=\"widget\" data-widget_type=\"text-editor.default\">\n\t\t\t\t<div class=\"elementor-widget-container\">\n\t\t\t<style>\/*! elementor - v3.23.0 - 15-07-2024 *\/\n.elementor-widget-text-editor.elementor-drop-cap-view-stacked .elementor-drop-cap{background-color:#69727d;color:#fff}.elementor-widget-text-editor.elementor-drop-cap-view-framed .elementor-drop-cap{color:#69727d;border:3px solid;background-color:transparent}.elementor-widget-text-editor:not(.elementor-drop-cap-view-default) .elementor-drop-cap{margin-top:8px}.elementor-widget-text-editor:not(.elementor-drop-cap-view-default) .elementor-drop-cap-letter{width:1em;height:1em}.elementor-widget-text-editor .elementor-drop-cap{float:left;text-align:center;line-height:1;font-size:50px}.elementor-widget-text-editor .elementor-drop-cap-letter{display:inline-block}<\/style>\t\t\t\t<p>Have you arrived in <strong>Madeira<\/strong>, the paradise land also known as the island of eternal spring?<\/p>\t\t\t\t\t\t<\/div>\n\t\t\t\t<\/div>\n\t\t\t\t<div class=\"elementor-element elementor-element-8c3b0c0 elementor-widget elementor-widget-text-editor\" data-id=\"8c3b0c0\" data-element_type=\"widget\" data-widget_type=\"text-editor.default\">\n\t\t\t\t<div class=\"elementor-widget-container\">\n\t\t\t\t\t\t\t<p>Then you definitely have to set aside a few hours for\u00a0 <strong>Funchal, the capital of Madeira<\/strong>! This article shows you the most important tourist attractions in Funchal, that you should not miss if you come to in the largest city of Madeira.<\/p>\t\t\t\t\t\t<\/div>\n\t\t\t\t<\/div>\n\t\t\t\t<div class=\"elementor-element elementor-element-275d4f7 elementor-widget elementor-widget-text-editor\" data-id=\"275d4f7\" data-element_type=\"widget\" data-widget_type=\"text-editor.default\">\n\t\t\t\t<div class=\"elementor-widget-container\">\n\t\t\t\t\t\t\t<p>And if you want to see how we organized our one-week vacation in the beautiful island of Madeira, I invite you to read this article:<a href=\"https:\/\/pinandtrip.com\/en\/7-zile-in-madeira-itinerariul-perfect-pentru-insula-madeira\/\"><strong> 7 days in Madeira - The perfect itinerary for your first vacation in Madeira<\/strong><\/a>.<\/p>\t\t\t\t\t\t<\/div>\n\t\t\t\t<\/div>\n\t\t\t\t<div class=\"elementor-element elementor-element-26f3d23 elementor-widget elementor-widget-heading\" data-id=\"26f3d23\" data-element_type=\"widget\" data-widget_type=\"heading.default\">\n\t\t\t\t<div class=\"elementor-widget-container\">\n\t\t\t<style>\/*! elementor - v3.23.0 - 15-07-2024 *\/\n.elementor-heading-title{padding:0;margin:0;line-height:1}.elementor-widget-heading .elementor-heading-title[class*=elementor-size-]>a{color:inherit;font-size:inherit;line-height:inherit}.elementor-widget-heading .elementor-heading-title.elementor-size-small{font-size:15px}.elementor-widget-heading .elementor-heading-title.elementor-size-medium{font-size:19px}.elementor-widget-heading .elementor-heading-title.elementor-size-large{font-size:29px}.elementor-widget-heading .elementor-heading-title.elementor-size-xl{font-size:39px}.elementor-widget-heading .elementor-heading-title.elementor-size-xxl{font-size:59px}<\/style><h2 class=\"elementor-heading-title elementor-size-default\">About Funchal<\/h2>\t\t<\/div>\n\t\t\t\t<\/div>\n\t\t\t\t<div class=\"elementor-element elementor-element-e86e573 elementor-widget elementor-widget-text-editor\" data-id=\"e86e573\" data-element_type=\"widget\" data-widget_type=\"text-editor.default\">\n\t\t\t\t<div class=\"elementor-widget-container\">\n\t\t\t\t\t\t\t<p>Funchal is the capital and largest city of the Portuguese autonomous region of Madeira, an archipelago of islands in the middle of the Atlantic Ocean.<\/p>\t\t\t\t\t\t<\/div>\n\t\t\t\t<\/div>\n\t\t\t\t<div class=\"elementor-element elementor-element-a48fce8 elementor-widget elementor-widget-text-editor\" data-id=\"a48fce8\" data-element_type=\"widget\" data-widget_type=\"text-editor.default\">\n\t\t\t\t<div class=\"elementor-widget-container\">\n\t\t\t\t\t\t\t<p>The city has an area of \u200b\u200bapproximately 76 km2, and a population of 100,000 inhabitants.<\/p>\t\t\t\t\t\t<\/div>\n\t\t\t\t<\/div>\n\t\t\t\t<div class=\"elementor-element elementor-element-bfb8df7 elementor-widget elementor-widget-image\" data-id=\"bfb8df7\" data-element_type=\"widget\" data-widget_type=\"image.default\">\n\t\t\t\t<div class=\"elementor-widget-container\">\n\t\t\t<style>\/*! elementor - v3.23.0 - 15-07-2024 *\/\n.elementor-widget-image{text-align:center}.elementor-widget-image a{display:inline-block}.elementor-widget-image a img[src$=\".svg\"]{width:48px}.elementor-widget-image img{vertical-align:middle;display:inline-block}<\/style>\t\t\t\t\t\t\t\t\t\t<img fetchpriority=\"high\" decoding=\"async\" width=\"1536\" height=\"2048\" src=\"https:\/\/pinandtrip.com\/wp-content\/uploads\/2024\/08\/IMG_0715.jpeg\" class=\"attachment-full size-full wp-image-6710\" alt=\"Funchal\" srcset=\"https:\/\/pinandtrip.com\/wp-content\/uploads\/2024\/08\/IMG_0715.jpeg 1536w, https:\/\/pinandtrip.com\/wp-content\/uploads\/2024\/08\/IMG_0715-1152x1536.jpeg 1152w, https:\/\/pinandtrip.com\/wp-content\/uploads\/2024\/08\/IMG_0715-9x12.jpeg 9w, https:\/\/pinandtrip.com\/wp-content\/uploads\/2024\/08\/IMG_0715-845x1127.jpeg 845w, https:\/\/pinandtrip.com\/wp-content\/uploads\/2024\/08\/IMG_0715-460x613.jpeg 460w\" sizes=\"(max-width: 1536px) 100vw, 1536px\" \/>\t\t\t\t\t\t\t\t\t\t\t\t\t<\/div>\n\t\t\t\t<\/div>\n\t\t\t\t<div class=\"elementor-element elementor-element-fc3f448 elementor-widget elementor-widget-text-editor\" data-id=\"fc3f448\" data-element_type=\"widget\" data-widget_type=\"text-editor.default\">\n\t\t\t\t<div class=\"elementor-widget-container\">\n\t\t\t\t\t\t\t<p>The official language of the island of Madeira is Portuguese, and the currency is the euro. If you want to find out more information about Madeira, I invite you to read the following article: <a href=\"https:\/\/pinandtrip.com\/en\/madeira-tot-ce-trebuie-sa-stii-inainte-sa-vizitezi-madeira-insula-eternei-primaveri\/\"><strong>Madeira - Everything you need to know before visiting Madeira, the island of eternal spring<\/strong><\/a>.<\/p>\t\t\t\t\t\t<\/div>\n\t\t\t\t<\/div>\n\t\t\t\t<div class=\"elementor-element elementor-element-a7c2543 elementor-widget elementor-widget-heading\" data-id=\"a7c2543\" data-element_type=\"widget\" data-widget_type=\"heading.default\">\n\t\t\t\t<div class=\"elementor-widget-container\">\n\t\t\t<h2 class=\"elementor-heading-title elementor-size-default\">How to get to Funchal<\/h2>\t\t<\/div>\n\t\t\t\t<\/div>\n\t\t\t\t<div class=\"elementor-element elementor-element-de24965 elementor-widget elementor-widget-text-editor\" data-id=\"de24965\" data-element_type=\"widget\" data-widget_type=\"text-editor.default\">\n\t\t\t\t<div class=\"elementor-widget-container\">\n\t\t\t\t\t\t\t<p>Madeira has only one airport, located 17 km from Funchal city center.<\/p>\t\t\t\t\t\t<\/div>\n\t\t\t\t<\/div>\n\t\t\t\t<div class=\"elementor-element elementor-element-85f6b70 elementor-widget elementor-widget-text-editor\" data-id=\"85f6b70\" data-element_type=\"widget\" data-widget_type=\"text-editor.default\">\n\t\t\t\t<div class=\"elementor-widget-container\">\n\t\t\t<style>.elementor-element-85f6b70{display:none !important}<\/style>\t\t<\/div>\n\t\t\t\t<\/div>\n\t\t\t\t<div class=\"elementor-element elementor-element-3d22e60 elementor-widget elementor-widget-image\" data-id=\"3d22e60\" data-element_type=\"widget\" data-widget_type=\"image.default\">\n\t\t\t\t<div class=\"elementor-widget-container\">\n\t\t\t\t\t\t\t\t\t\t\t\t\t<img decoding=\"async\" width=\"1920\" height=\"2560\" src=\"https:\/\/pinandtrip.com\/wp-content\/uploads\/2024\/08\/IMG_9753-scaled.jpg\" class=\"attachment-full size-full wp-image-6709\" alt=\"Madeira\" srcset=\"https:\/\/pinandtrip.com\/wp-content\/uploads\/2024\/08\/IMG_9753-scaled.jpg 1920w, https:\/\/pinandtrip.com\/wp-content\/uploads\/2024\/08\/IMG_9753-1152x1536.jpg 1152w, https:\/\/pinandtrip.com\/wp-content\/uploads\/2024\/08\/IMG_9753-1536x2048.jpg 1536w, https:\/\/pinandtrip.com\/wp-content\/uploads\/2024\/08\/IMG_9753-9x12.jpg 9w, https:\/\/pinandtrip.com\/wp-content\/uploads\/2024\/08\/IMG_9753-845x1127.jpg 845w, https:\/\/pinandtrip.com\/wp-content\/uploads\/2024\/08\/IMG_9753-460x613.jpg 460w\" sizes=\"(max-width: 1920px) 100vw, 1920px\" \/>\t\t\t\t\t\t\t\t\t\t\t\t\t<\/div>\n\t\t\t\t<\/div>\n\t\t\t\t<div class=\"elementor-element elementor-element-8169f9d elementor-widget elementor-widget-text-editor\" data-id=\"8169f9d\" data-element_type=\"widget\" data-widget_type=\"text-editor.default\">\n\t\t\t\t<div class=\"elementor-widget-container\">\n\t\t\t<style>.elementor-element-8169f9d{display:none !important}<\/style>\t\t<\/div>\n\t\t\t\t<\/div>\n\t\t\t\t<div class=\"elementor-element elementor-element-dfa5a9b elementor-widget elementor-widget-text-editor\" data-id=\"dfa5a9b\" data-element_type=\"widget\" data-widget_type=\"text-editor.default\">\n\t\t\t\t<div class=\"elementor-widget-container\">\n\t\t\t<style>.elementor-element-dfa5a9b{display:none !important}<\/style>\t\t<\/div>\n\t\t\t\t<\/div>\n\t\t\t\t<div class=\"elementor-element elementor-element-fa3e856 elementor-widget elementor-widget-text-editor\" data-id=\"fa3e856\" data-element_type=\"widget\" data-widget_type=\"text-editor.default\">\n\t\t\t\t<div class=\"elementor-widget-container\">\n\t\t\t\t\t\t\t<p>From the airport to Funchal you can reach Funchal with a Bolt, taxi (30 euros) or bus no. 9 (5 euros, you can pay cash to the driver).<\/p>\t\t\t\t\t\t<\/div>\n\t\t\t\t<\/div>\n\t\t\t\t<div class=\"elementor-element elementor-element-47cdea1 elementor-widget elementor-widget-heading\" data-id=\"47cdea1\" data-element_type=\"widget\" data-widget_type=\"heading.default\">\n\t\t\t\t<div class=\"elementor-widget-container\">\n\t\t\t<h2 class=\"elementor-heading-title elementor-size-default\">Where to stay in Funchal<\/h2>\t\t<\/div>\n\t\t\t\t<\/div>\n\t\t\t\t<div class=\"elementor-element elementor-element-e15aef6 elementor-widget elementor-widget-text-editor\" data-id=\"e15aef6\" data-element_type=\"widget\" data-widget_type=\"text-editor.default\">\n\t\t\t\t<div class=\"elementor-widget-container\">\n\t\t\t\t\t\t\t<p>The accommodation location chosen by most tourists traveling to Madeira is in the area of <strong><a href=\"https:\/\/www.booking.com\/searchresults.ro.html?ss=Funchal\">Funchal<\/a><\/strong>. You can choose the capital of the island as a starting point for most touristic attractions in Madeira. The advantage is that from here you can reach any point of the island by car, and if you don't have a car, you can take guided tours or buses directly from Funchal. Besides that, in Funchal you have a wide variety of restaurants and shops.<\/p>\t\t\t\t\t\t<\/div>\n\t\t\t\t<\/div>\n\t\t\t\t<div class=\"elementor-element elementor-element-fcea1c8 elementor-widget elementor-widget-text-editor\" data-id=\"fcea1c8\" data-element_type=\"widget\" data-widget_type=\"text-editor.default\">\n\t\t\t\t<div class=\"elementor-widget-container\">\n\t\t\t\t\t\t\t<p>Below you will find a list of accommodations in Funchal, all rated above 9:<\/p>\t\t\t\t\t\t<\/div>\n\t\t\t\t<\/div>\n\t\t\t\t<div class=\"elementor-element elementor-element-f2ee125 elementor-widget elementor-widget-text-editor\" data-id=\"f2ee125\" data-element_type=\"widget\" data-widget_type=\"text-editor.default\">\n\t\t\t\t<div class=\"elementor-widget-container\">\n\t\t\t\t\t\t\t<ul><li><strong><a href=\"https:\/\/www.booking.com\/hotel\/pt\/belvedere-boutique.ro.html\">Belvedere Boutique &#8211; Adults only<\/a><\/strong> - is our number 1 recommendation, the accommodation that we had and fell in love with! The rooms start from 79 euros\/night, but must be booked in advance! And if you have the chance, book the apartment with the terrace, it's absolutely incredible! I leave you some pictures below! We paid 90 euros\/night for the biggest apartment in the building.<\/li><\/ul>\t\t\t\t\t\t<\/div>\n\t\t\t\t<\/div>\n\t\t\t\t<div class=\"elementor-element elementor-element-ceadf05 elementor-widget elementor-widget-image\" data-id=\"ceadf05\" data-element_type=\"widget\" data-widget_type=\"image.default\">\n\t\t\t\t<div class=\"elementor-widget-container\">\n\t\t\t\t\t\t\t\t\t\t<figure class=\"wp-caption\">\n\t\t\t\t\t\t\t\t\t\t<img decoding=\"async\" width=\"1080\" height=\"1920\" src=\"https:\/\/pinandtrip.com\/wp-content\/uploads\/2024\/08\/F4CDD99D-E0A6-40F5-93FA-3D54A8CBE0BD.png\" class=\"attachment-full size-full wp-image-6690\" alt=\"Belvedere Boutique - Adults only\" srcset=\"https:\/\/pinandtrip.com\/wp-content\/uploads\/2024\/08\/F4CDD99D-E0A6-40F5-93FA-3D54A8CBE0BD.png 1080w, https:\/\/pinandtrip.com\/wp-content\/uploads\/2024\/08\/F4CDD99D-E0A6-40F5-93FA-3D54A8CBE0BD-864x1536.png 864w, https:\/\/pinandtrip.com\/wp-content\/uploads\/2024\/08\/F4CDD99D-E0A6-40F5-93FA-3D54A8CBE0BD-7x12.png 7w, https:\/\/pinandtrip.com\/wp-content\/uploads\/2024\/08\/F4CDD99D-E0A6-40F5-93FA-3D54A8CBE0BD-845x1502.png 845w, https:\/\/pinandtrip.com\/wp-content\/uploads\/2024\/08\/F4CDD99D-E0A6-40F5-93FA-3D54A8CBE0BD-460x818.png 460w\" sizes=\"(max-width: 1080px) 100vw, 1080px\" \/>\t\t\t\t\t\t\t\t\t\t\t<figcaption class=\"widget-image-caption wp-caption-text\">Belvedere Boutique - Adults only<\/figcaption>\n\t\t\t\t\t\t\t\t\t\t<\/figure>\n\t\t\t\t\t\t\t<\/div>\n\t\t\t\t<\/div>\n\t\t\t\t<div class=\"elementor-element elementor-element-d68bb21 elementor-widget elementor-widget-text-editor\" data-id=\"d68bb21\" data-element_type=\"widget\" data-widget_type=\"text-editor.default\">\n\t\t\t\t<div class=\"elementor-widget-container\">\n\t\t\t\t\t\t\t<ul><li><strong><a href=\"https:\/\/www.booking.com\/hotel\/pt\/sao-francisco-guest-house-funchal.ro.html\">S\u00e3o Francisco Accommodation<\/a><\/strong> \u00a0- from 100 euros\/night<\/li><li><strong><a href=\"https:\/\/www.booking.com\/hotel\/pt\/solar-do-ribeiro.ro.html\">Solar do Ribeiro<\/a><\/strong> \u00a0- from 110 euros\/night<\/li><li><strong><a href=\"https:\/\/www.booking.com\/hotel\/pt\/palmar-rooms.ro.html\">Palmar Rooms<\/a><\/strong> - from 80 euros\/night<\/li><li><strong><a href=\"https:\/\/www.booking.com\/hotel\/pt\/sao-pedro-boutique-studio.ro.html\">Central &#8211; S\u00e3o Pedro Boutique<\/a><\/strong> - from 75 euros\/night\u00a0<\/li><\/ul>\t\t\t\t\t\t<\/div>\n\t\t\t\t<\/div>\n\t\t\t\t<div class=\"elementor-element elementor-element-9f6e0fe elementor-widget elementor-widget-text-editor\" data-id=\"9f6e0fe\" data-element_type=\"widget\" data-widget_type=\"text-editor.default\">\n\t\t\t\t<div class=\"elementor-widget-container\">\n\t\t\t\t\t\t\t<p>I will also leave here the famous hotel of Cristiano Ronaldo, for the football fans who want to see what it is like to sleep in the hotel of the famous footballer. Do you know that Ronaldo is originally from Madeira? And that, next to the hotel, there is also a museum of its own?<\/p><ul><li><strong><a href=\"https:\/\/www.booking.com\/hotel\/pt\/pestana-cr7-funchal.ro.html\">Pestana CR7 Funchal ****<\/a><\/strong> \u00a0- from 180 euros\/night<\/li><\/ul>\t\t\t\t\t\t<\/div>\n\t\t\t\t<\/div>\n\t\t\t\t<div class=\"elementor-element elementor-element-040955e elementor-widget elementor-widget-image\" data-id=\"040955e\" data-element_type=\"widget\" data-widget_type=\"image.default\">\n\t\t\t\t<div class=\"elementor-widget-container\">\n\t\t\t\t\t\t\t\t\t\t<figure class=\"wp-caption\">\n\t\t\t\t\t\t\t\t\t\t<img loading=\"lazy\" decoding=\"async\" width=\"1920\" height=\"2560\" src=\"https:\/\/pinandtrip.com\/wp-content\/uploads\/2024\/08\/IMG_1533-scaled.jpg\" class=\"attachment-full size-full wp-image-6694\" alt=\"Funchal\" srcset=\"https:\/\/pinandtrip.com\/wp-content\/uploads\/2024\/08\/IMG_1533-scaled.jpg 1920w, https:\/\/pinandtrip.com\/wp-content\/uploads\/2024\/08\/IMG_1533-1152x1536.jpg 1152w, https:\/\/pinandtrip.com\/wp-content\/uploads\/2024\/08\/IMG_1533-1536x2048.jpg 1536w, https:\/\/pinandtrip.com\/wp-content\/uploads\/2024\/08\/IMG_1533-9x12.jpg 9w, https:\/\/pinandtrip.com\/wp-content\/uploads\/2024\/08\/IMG_1533-845x1127.jpg 845w, https:\/\/pinandtrip.com\/wp-content\/uploads\/2024\/08\/IMG_1533-460x613.jpg 460w\" sizes=\"(max-width: 1920px) 100vw, 1920px\" \/>\t\t\t\t\t\t\t\t\t\t\t<figcaption class=\"widget-image-caption wp-caption-text\">Funchal in the evening, seen from the accommodation<\/figcaption>\n\t\t\t\t\t\t\t\t\t\t<\/figure>\n\t\t\t\t\t\t\t<\/div>\n\t\t\t\t<\/div>\n\t\t\t\t<div class=\"elementor-element elementor-element-652e3b1 elementor-widget elementor-widget-heading\" data-id=\"652e3b1\" data-element_type=\"widget\" data-widget_type=\"heading.default\">\n\t\t\t\t<div class=\"elementor-widget-container\">\n\t\t\t<h1 class=\"elementor-heading-title elementor-size-default\">What to do in Funchal<\/h1>\t\t<\/div>\n\t\t\t\t<\/div>\n\t\t\t\t<div class=\"elementor-element elementor-element-129f70e elementor-widget elementor-widget-text-editor\" data-id=\"129f70e\" data-element_type=\"widget\" data-widget_type=\"text-editor.default\">\n\t\t\t\t<div class=\"elementor-widget-container\">\n\t\t\t\t\t\t\t<p>Funchal is a very elegant and chic city, a city with a good vibe and a continuous holiday atmosphere. It is worth setting aside a few hours, maybe even a whole day, to discover the good energy of this island city.<\/p>\t\t\t\t\t\t<\/div>\n\t\t\t\t<\/div>\n\t\t\t\t<div class=\"elementor-element elementor-element-9ee93d4 elementor-widget elementor-widget-text-editor\" data-id=\"9ee93d4\" data-element_type=\"widget\" data-widget_type=\"text-editor.default\">\n\t\t\t\t<div class=\"elementor-widget-container\">\n\t\t\t\t\t\t\t<p>Next, I will list the main tourist attractions in Funchal:<\/p>\t\t\t\t\t\t<\/div>\n\t\t\t\t<\/div>\n\t\t\t\t<div class=\"elementor-element elementor-element-6f06aa8 elementor-widget elementor-widget-heading\" data-id=\"6f06aa8\" data-element_type=\"widget\" data-widget_type=\"heading.default\">\n\t\t\t\t<div class=\"elementor-widget-container\">\n\t\t\t<h3 class=\"elementor-heading-title elementor-size-default\">1.\tJardim Monte Palace Madeira<\/h3>\t\t<\/div>\n\t\t\t\t<\/div>\n\t\t\t\t<div class=\"elementor-element elementor-element-1b784c2 elementor-widget elementor-widget-text-editor\" data-id=\"1b784c2\" data-element_type=\"widget\" data-widget_type=\"text-editor.default\">\n\t\t\t\t<div class=\"elementor-widget-container\">\n\t\t\t\t\t\t\t<p><strong>Jardim Monte Palace Madeira<\/strong> is an tourist attraction in Madeira, and implicitly in Funchal, that you should not miss. A wonderful tropical garden, with flowers of all kinds, exotic and colorful, and inspired by various cultures, such as the Japanese one.<\/p>\t\t\t\t\t\t<\/div>\n\t\t\t\t<\/div>\n\t\t\t\t<div class=\"elementor-element elementor-element-dba911d elementor-widget elementor-widget-text-editor\" data-id=\"dba911d\" data-element_type=\"widget\" data-widget_type=\"text-editor.default\">\n\t\t\t\t<div class=\"elementor-widget-container\">\n\t\t\t\t\t\t\t<p>The following pictures speak for themselves and describe in detail how amazing this garden is. <a href=\"https:\/\/montepalacemadeira.com\/desktop\/?sid=35&amp;lang=en\">An entrance ticket<\/a> costs 15 euros.\u00a0<\/p>\t\t\t\t\t\t<\/div>\n\t\t\t\t<\/div>\n\t\t\t\t<div class=\"elementor-element elementor-element-972cd09 elementor-widget elementor-widget-gallery\" data-id=\"972cd09\" data-element_type=\"widget\" data-settings=\"{&quot;columns&quot;:3,&quot;aspect_ratio&quot;:&quot;1:1&quot;,&quot;lazyload&quot;:&quot;yes&quot;,&quot;gallery_layout&quot;:&quot;grid&quot;,&quot;columns_tablet&quot;:2,&quot;columns_mobile&quot;:1,&quot;gap&quot;:{&quot;unit&quot;:&quot;px&quot;,&quot;size&quot;:10,&quot;sizes&quot;:[]},&quot;gap_tablet&quot;:{&quot;unit&quot;:&quot;px&quot;,&quot;size&quot;:10,&quot;sizes&quot;:[]},&quot;gap_mobile&quot;:{&quot;unit&quot;:&quot;px&quot;,&quot;size&quot;:10,&quot;sizes&quot;:[]},&quot;link_to&quot;:&quot;file&quot;,&quot;overlay_background&quot;:&quot;yes&quot;,&quot;content_hover_animation&quot;:&quot;fade-in&quot;}\" data-widget_type=\"gallery.default\">\n\t\t\t\t<div class=\"elementor-widget-container\">\n\t\t\t<style>\/*! elementor-pro - v3.19.0 - 26-02-2024 *\/\n.elementor-gallery__container{min-height:1px}.elementor-gallery-item{position:relative;overflow:hidden;display:block;text-decoration:none;border:solid var(--image-border-width) var(--image-border-color);border-radius:var(--image-border-radius)}.elementor-gallery-item__content,.elementor-gallery-item__overlay{height:100%;width:100%;position:absolute;top:0;left:0}.elementor-gallery-item__overlay{mix-blend-mode:var(--overlay-mix-blend-mode);transition-duration:var(--overlay-transition-duration);transition-property:mix-blend-mode,transform,opacity,background-color}.elementor-gallery-item__image.e-gallery-image{transition-duration:var(--image-transition-duration);transition-property:filter,transform}.elementor-gallery-item__content{display:flex;flex-direction:column;justify-content:var(--content-justify-content,center);align-items:center;text-align:var(--content-text-align);padding:var(--content-padding)}.elementor-gallery-item__content>div{transition-duration:var(--content-transition-duration)}.elementor-gallery-item__content.elementor-gallery--sequenced-animation>div:nth-child(2){transition-delay:calc(var(--content-transition-delay) \/ 3)}.elementor-gallery-item__content.elementor-gallery--sequenced-animation>div:nth-child(3){transition-delay:calc(var(--content-transition-delay) \/ 3 * 2)}.elementor-gallery-item__content.elementor-gallery--sequenced-animation>div:nth-child(4){transition-delay:calc(var(--content-transition-delay) \/ 3 * 3)}.elementor-gallery-item__description{color:var(--description-text-color,#fff);width:100%}.elementor-gallery-item__title{color:var(--title-text-color,#fff);font-weight:700;width:100%}.elementor-gallery__titles-container{display:flex;flex-wrap:wrap;justify-content:var(--titles-container-justify-content,center);margin-bottom:20px}.elementor-gallery__titles-container:not(.e--pointer-framed) .elementor-item:after,.elementor-gallery__titles-container:not(.e--pointer-framed) .elementor-item:before{background-color:var(--galleries-pointer-bg-color-hover)}.elementor-gallery__titles-container:not(.e--pointer-framed) .elementor-item.elementor-item-active:after,.elementor-gallery__titles-container:not(.e--pointer-framed) .elementor-item.elementor-item-active:before{background-color:var(--galleries-pointer-bg-color-active)}.elementor-gallery__titles-container.e--pointer-framed .elementor-item:before{border-color:var(--galleries-pointer-bg-color-hover);border-width:var(--galleries-pointer-border-width)}.elementor-gallery__titles-container.e--pointer-framed .elementor-item:after{border-color:var(--galleries-pointer-bg-color-hover)}.elementor-gallery__titles-container.e--pointer-framed .elementor-item.elementor-item-active:after,.elementor-gallery__titles-container.e--pointer-framed .elementor-item.elementor-item-active:before{border-color:var(--galleries-pointer-bg-color-active)}.elementor-gallery__titles-container.e--pointer-framed.e--animation-draw .elementor-item:before{border-left-width:var(--galleries-pointer-border-width);border-bottom-width:var(--galleries-pointer-border-width);border-right-width:0;border-top-width:0}.elementor-gallery__titles-container.e--pointer-framed.e--animation-draw .elementor-item:after{border-left-width:0;border-bottom-width:0;border-right-width:var(--galleries-pointer-border-width);border-top-width:var(--galleries-pointer-border-width)}.elementor-gallery__titles-container.e--pointer-framed.e--animation-corners .elementor-item:before{border-left-width:var(--galleries-pointer-border-width);border-bottom-width:0;border-right-width:0;border-top-width:var(--galleries-pointer-border-width)}.elementor-gallery__titles-container.e--pointer-framed.e--animation-corners .elementor-item:after{border-left-width:0;border-bottom-width:var(--galleries-pointer-border-width);border-right-width:var(--galleries-pointer-border-width);border-top-width:0}.elementor-gallery__titles-container .e--pointer-double-line .elementor-item:after,.elementor-gallery__titles-container .e--pointer-double-line .elementor-item:before,.elementor-gallery__titles-container .e--pointer-overline .elementor-item:before,.elementor-gallery__titles-container .e--pointer-underline .elementor-item:after{height:var(--galleries-pointer-border-width)}.elementor-gallery-title{--space-between:10px;cursor:pointer;color:#6d7882;font-weight:500;position:relative;padding:7px 14px;transition:all .3s}.elementor-gallery-title--active{color:#495157}.elementor-gallery-title:not(:last-child){margin-right:var(--space-between)}.elementor-gallery-item__title+.elementor-gallery-item__description{margin-top:var(--description-margin-top)}.e-gallery-item.elementor-gallery-item{transition-property:all}.e-gallery-item.elementor-animated-content .elementor-animated-item--enter-from-bottom,.e-gallery-item.elementor-animated-content .elementor-animated-item--enter-from-left,.e-gallery-item.elementor-animated-content .elementor-animated-item--enter-from-right,.e-gallery-item.elementor-animated-content .elementor-animated-item--enter-from-top,.e-gallery-item:focus .elementor-gallery__item-overlay-bg,.e-gallery-item:focus .elementor-gallery__item-overlay-content,.e-gallery-item:focus .elementor-gallery__item-overlay-content__description,.e-gallery-item:focus .elementor-gallery__item-overlay-content__title,.e-gallery-item:hover .elementor-gallery__item-overlay-bg,.e-gallery-item:hover .elementor-gallery__item-overlay-content,.e-gallery-item:hover .elementor-gallery__item-overlay-content__description,.e-gallery-item:hover .elementor-gallery__item-overlay-content__title{opacity:1}a.elementor-item.elementor-gallery-title{color:var(--galleries-title-color-normal)}a.elementor-item.elementor-gallery-title.elementor-item-active,a.elementor-item.elementor-gallery-title.highlighted,a.elementor-item.elementor-gallery-title:focus,a.elementor-item.elementor-gallery-title:hover{color:var(--galleries-title-color-hover)}a.elementor-item.elementor-gallery-title.elementor-item-active{color:var(--gallery-title-color-active)}.e-con-inner>.elementor-widget-gallery,.e-con>.elementor-widget-gallery{width:var(--container-widget-width);--flex-grow:var(--container-widget-flex-grow)}<\/style>\t\t<div class=\"elementor-gallery__container\">\n\t\t\t\t\t\t\t<a class=\"e-gallery-item elementor-gallery-item elementor-animated-content\" href=\"https:\/\/pinandtrip.com\/wp-content\/uploads\/2024\/08\/IMG_1370-scaled.jpg\" data-elementor-open-lightbox=\"yes\" data-elementor-lightbox-slideshow=\"972cd09\" data-elementor-lightbox-title=\"Jardim Monte Palace Madeira\" data-elementor-lightbox-description=\"Jardim Monte Palace Madeira\" data-e-action-hash=\"#elementor-action%3Aaction%3Dlightbox%26settings%3DeyJpZCI6NjY5NywidXJsIjoiaHR0cHM6XC9cL3BpbmFuZHRyaXAuY29tXC93cC1jb250ZW50XC91cGxvYWRzXC8yMDI0XC8wOFwvSU1HXzEzNzAtc2NhbGVkLmpwZyIsInNsaWRlc2hvdyI6Ijk3MmNkMDkifQ%3D%3D\">\n\t\t\t\t\t<div class=\"e-gallery-image elementor-gallery-item__image\" data-thumbnail=\"https:\/\/pinandtrip.com\/wp-content\/uploads\/2024\/08\/IMG_1370-scaled.jpg\" data-width=\"2560\" data-height=\"1920\" aria-label=\"Jardim Monte Palace Madeira\" role=\"img\" ><\/div>\n\t\t\t\t\t\t\t\t\t\t\t<div class=\"elementor-gallery-item__overlay\"><\/div>\n\t\t\t\t\t\t\t\t\t\t\t\t\t\t<\/a>\n\t\t\t\t\t\t\t<a class=\"e-gallery-item elementor-gallery-item elementor-animated-content\" href=\"https:\/\/pinandtrip.com\/wp-content\/uploads\/2024\/08\/IMG_1407-scaled.jpg\" data-elementor-open-lightbox=\"yes\" data-elementor-lightbox-slideshow=\"972cd09\" data-elementor-lightbox-title=\"Jardim Monte Palace Madeira\" data-elementor-lightbox-description=\"Jardim Monte Palace Madeira\" data-e-action-hash=\"#elementor-action%3Aaction%3Dlightbox%26settings%3DeyJpZCI6NjcwMCwidXJsIjoiaHR0cHM6XC9cL3BpbmFuZHRyaXAuY29tXC93cC1jb250ZW50XC91cGxvYWRzXC8yMDI0XC8wOFwvSU1HXzE0MDctc2NhbGVkLmpwZyIsInNsaWRlc2hvdyI6Ijk3MmNkMDkifQ%3D%3D\">\n\t\t\t\t\t<div class=\"e-gallery-image elementor-gallery-item__image\" data-thumbnail=\"https:\/\/pinandtrip.com\/wp-content\/uploads\/2024\/08\/IMG_1407-scaled.jpg\" data-width=\"2560\" data-height=\"1920\" aria-label=\"Jardim Monte Palace Madeira\" role=\"img\" ><\/div>\n\t\t\t\t\t\t\t\t\t\t\t<div class=\"elementor-gallery-item__overlay\"><\/div>\n\t\t\t\t\t\t\t\t\t\t\t\t\t\t<\/a>\n\t\t\t\t\t\t\t<a class=\"e-gallery-item elementor-gallery-item elementor-animated-content\" href=\"https:\/\/pinandtrip.com\/wp-content\/uploads\/2024\/08\/IMG_1334-scaled.jpg\" data-elementor-open-lightbox=\"yes\" data-elementor-lightbox-slideshow=\"972cd09\" data-elementor-lightbox-title=\"Jardim Monte Palace Madeira\" data-elementor-lightbox-description=\"Jardim Monte Palace Madeira\" data-e-action-hash=\"#elementor-action%3Aaction%3Dlightbox%26settings%3DeyJpZCI6NjY5NiwidXJsIjoiaHR0cHM6XC9cL3BpbmFuZHRyaXAuY29tXC93cC1jb250ZW50XC91cGxvYWRzXC8yMDI0XC8wOFwvSU1HXzEzMzQtc2NhbGVkLmpwZyIsInNsaWRlc2hvdyI6Ijk3MmNkMDkifQ%3D%3D\">\n\t\t\t\t\t<div class=\"e-gallery-image elementor-gallery-item__image\" data-thumbnail=\"https:\/\/pinandtrip.com\/wp-content\/uploads\/2024\/08\/IMG_1334-scaled.jpg\" data-width=\"2560\" data-height=\"1920\" aria-label=\"Jardim Monte Palace Madeira\" role=\"img\" ><\/div>\n\t\t\t\t\t\t\t\t\t\t\t<div class=\"elementor-gallery-item__overlay\"><\/div>\n\t\t\t\t\t\t\t\t\t\t\t\t\t\t<\/a>\n\t\t\t\t\t\t\t<a class=\"e-gallery-item elementor-gallery-item elementor-animated-content\" href=\"https:\/\/pinandtrip.com\/wp-content\/uploads\/2024\/08\/IMG_1387-scaled.jpg\" data-elementor-open-lightbox=\"yes\" data-elementor-lightbox-slideshow=\"972cd09\" data-elementor-lightbox-title=\"Jardim Monte Palace Madeira\" data-elementor-lightbox-description=\"Jardim Monte Palace Madeira\" data-e-action-hash=\"#elementor-action%3Aaction%3Dlightbox%26settings%3DeyJpZCI6NjY5OCwidXJsIjoiaHR0cHM6XC9cL3BpbmFuZHRyaXAuY29tXC93cC1jb250ZW50XC91cGxvYWRzXC8yMDI0XC8wOFwvSU1HXzEzODctc2NhbGVkLmpwZyIsInNsaWRlc2hvdyI6Ijk3MmNkMDkifQ%3D%3D\">\n\t\t\t\t\t<div class=\"e-gallery-image elementor-gallery-item__image\" data-thumbnail=\"https:\/\/pinandtrip.com\/wp-content\/uploads\/2024\/08\/IMG_1387-scaled.jpg\" data-width=\"2560\" data-height=\"1920\" aria-label=\"Jardim Monte Palace Madeira\" role=\"img\" ><\/div>\n\t\t\t\t\t\t\t\t\t\t\t<div class=\"elementor-gallery-item__overlay\"><\/div>\n\t\t\t\t\t\t\t\t\t\t\t\t\t\t<\/a>\n\t\t\t\t\t\t\t<a class=\"e-gallery-item elementor-gallery-item elementor-animated-content\" href=\"https:\/\/pinandtrip.com\/wp-content\/uploads\/2024\/08\/IMG_1390-scaled.jpg\" data-elementor-open-lightbox=\"yes\" data-elementor-lightbox-slideshow=\"972cd09\" data-elementor-lightbox-title=\"Jardim Monte Palace Madeira\" data-elementor-lightbox-description=\"Jardim Monte Palace Madeira\" data-e-action-hash=\"#elementor-action%3Aaction%3Dlightbox%26settings%3DeyJpZCI6NjY5OSwidXJsIjoiaHR0cHM6XC9cL3BpbmFuZHRyaXAuY29tXC93cC1jb250ZW50XC91cGxvYWRzXC8yMDI0XC8wOFwvSU1HXzEzOTAtc2NhbGVkLmpwZyIsInNsaWRlc2hvdyI6Ijk3MmNkMDkifQ%3D%3D\">\n\t\t\t\t\t<div class=\"e-gallery-image elementor-gallery-item__image\" data-thumbnail=\"https:\/\/pinandtrip.com\/wp-content\/uploads\/2024\/08\/IMG_1390-scaled.jpg\" data-width=\"2560\" data-height=\"1920\" aria-label=\"Jardim Monte Palace Madeira\" role=\"img\" ><\/div>\n\t\t\t\t\t\t\t\t\t\t\t<div class=\"elementor-gallery-item__overlay\"><\/div>\n\t\t\t\t\t\t\t\t\t\t\t\t\t\t<\/a>\n\t\t\t\t\t\t\t<a class=\"e-gallery-item elementor-gallery-item elementor-animated-content\" href=\"https:\/\/pinandtrip.com\/wp-content\/uploads\/2024\/08\/IMG_1316-scaled.jpg\" data-elementor-open-lightbox=\"yes\" data-elementor-lightbox-slideshow=\"972cd09\" data-elementor-lightbox-title=\"Jardim Monte Palace Madeira\" data-elementor-lightbox-description=\"Jardim Monte Palace Madeira\" data-e-action-hash=\"#elementor-action%3Aaction%3Dlightbox%26settings%3DeyJpZCI6NjY5NSwidXJsIjoiaHR0cHM6XC9cL3BpbmFuZHRyaXAuY29tXC93cC1jb250ZW50XC91cGxvYWRzXC8yMDI0XC8wOFwvSU1HXzEzMTYtc2NhbGVkLmpwZyIsInNsaWRlc2hvdyI6Ijk3MmNkMDkifQ%3D%3D\">\n\t\t\t\t\t<div class=\"e-gallery-image elementor-gallery-item__image\" data-thumbnail=\"https:\/\/pinandtrip.com\/wp-content\/uploads\/2024\/08\/IMG_1316-scaled.jpg\" data-width=\"2560\" data-height=\"1920\" aria-label=\"Jardim Monte Palace Madeira\" role=\"img\" ><\/div>\n\t\t\t\t\t\t\t\t\t\t\t<div class=\"elementor-gallery-item__overlay\"><\/div>\n\t\t\t\t\t\t\t\t\t\t\t\t\t\t<\/a>\n\t\t\t\t\t<\/div>\n\t\t\t<\/div>\n\t\t\t\t<\/div>\n\t\t\t\t<div class=\"elementor-element elementor-element-f98f365 elementor-widget elementor-widget-heading\" data-id=\"f98f365\" data-element_type=\"widget\" data-widget_type=\"heading.default\">\n\t\t\t\t<div class=\"elementor-widget-container\">\n\t\t\t<h4 class=\"elementor-heading-title elementor-size-default\">Cable car to Monte<\/h4>\t\t<\/div>\n\t\t\t\t<\/div>\n\t\t\t\t<div class=\"elementor-element elementor-element-9a88fba elementor-widget elementor-widget-text-editor\" data-id=\"9a88fba\" data-element_type=\"widget\" data-widget_type=\"text-editor.default\">\n\t\t\t\t<div class=\"elementor-widget-container\">\n\t\t\t\t\t\t\t<p>The easiest way to get to Jardim Monte Palace from Funchal is by cable car \u2013 <strong>Telef\u00e9rico do Funchal<\/strong>. This leaves from the city center and ends in Monte, the place where the garden is also located.<\/p>\t\t\t\t\t\t<\/div>\n\t\t\t\t<\/div>\n\t\t\t\t<div class=\"elementor-element elementor-element-871bcab elementor-widget elementor-widget-text-editor\" data-id=\"871bcab\" data-element_type=\"widget\" data-widget_type=\"text-editor.default\">\n\t\t\t\t<div class=\"elementor-widget-container\">\n\t\t\t\t\t\t\t<p><a href=\"https:\/\/www.telefericojardimbotanico.com\/en\/bookings.html\">A cable car ticket<\/a> costs 11 euros, or 9.25 euros online, respectively 15 euros round trip.\u00a0<\/p>\t\t\t\t\t\t<\/div>\n\t\t\t\t<\/div>\n\t\t\t\t<div class=\"elementor-element elementor-element-ba9fe07 elementor-widget elementor-widget-image\" data-id=\"ba9fe07\" data-element_type=\"widget\" data-widget_type=\"image.default\">\n\t\t\t\t<div class=\"elementor-widget-container\">\n\t\t\t\t\t\t\t\t\t\t\t\t\t<img loading=\"lazy\" decoding=\"async\" width=\"2560\" height=\"1920\" src=\"https:\/\/pinandtrip.com\/wp-content\/uploads\/2024\/08\/IMG_1306-scaled.jpg\" class=\"attachment-full size-full wp-image-6701\" alt=\"Telef\u00e9rico do Funchal\" srcset=\"https:\/\/pinandtrip.com\/wp-content\/uploads\/2024\/08\/IMG_1306-scaled.jpg 2560w, https:\/\/pinandtrip.com\/wp-content\/uploads\/2024\/08\/IMG_1306-1536x1152.jpg 1536w, https:\/\/pinandtrip.com\/wp-content\/uploads\/2024\/08\/IMG_1306-2048x1536.jpg 2048w, https:\/\/pinandtrip.com\/wp-content\/uploads\/2024\/08\/IMG_1306-16x12.jpg 16w, https:\/\/pinandtrip.com\/wp-content\/uploads\/2024\/08\/IMG_1306-845x634.jpg 845w, https:\/\/pinandtrip.com\/wp-content\/uploads\/2024\/08\/IMG_1306-460x345.jpg 460w\" sizes=\"(max-width: 2560px) 100vw, 2560px\" \/>\t\t\t\t\t\t\t\t\t\t\t\t\t<\/div>\n\t\t\t\t<\/div>\n\t\t\t\t<div class=\"elementor-element elementor-element-2194556 elementor-widget elementor-widget-heading\" data-id=\"2194556\" data-element_type=\"widget\" data-widget_type=\"heading.default\">\n\t\t\t\t<div class=\"elementor-widget-container\">\n\t\t\t<h3 class=\"elementor-heading-title elementor-size-default\">2.\tCarreiros do Monte<\/h3>\t\t<\/div>\n\t\t\t\t<\/div>\n\t\t\t\t<div class=\"elementor-element elementor-element-97076a7 elementor-widget elementor-widget-text-editor\" data-id=\"97076a7\" data-element_type=\"widget\" data-widget_type=\"text-editor.default\">\n\t\t\t\t<div class=\"elementor-widget-container\">\n\t\t\t\t\t\t\t<p>The most authentic activity in Funchal is the one of going down the Monte valley with the famous sleds driven by two men who control the direction and speed. For any adrenaline junkie, going down with such a sled would certainly be an unique and unforgettable experience!<\/p>\t\t\t\t\t\t<\/div>\n\t\t\t\t<\/div>\n\t\t\t\t<div class=\"elementor-element elementor-element-6294274 elementor-widget elementor-widget-text-editor\" data-id=\"6294274\" data-element_type=\"widget\" data-widget_type=\"text-editor.default\">\n\t\t\t\t<div class=\"elementor-widget-container\">\n\t\t\t\t\t\t\t<p>The sleds are taken directly from the Jardim Monte Palace garden, in Monte, and it's the most fun way to go back down to the center!<\/p>\t\t\t\t\t\t<\/div>\n\t\t\t\t<\/div>\n\t\t\t\t<div class=\"elementor-element elementor-element-8248cd6 elementor-widget elementor-widget-image\" data-id=\"8248cd6\" data-element_type=\"widget\" data-widget_type=\"image.default\">\n\t\t\t\t<div class=\"elementor-widget-container\">\n\t\t\t\t\t\t\t\t\t\t\t\t\t<img loading=\"lazy\" decoding=\"async\" width=\"1920\" height=\"2560\" src=\"https:\/\/pinandtrip.com\/wp-content\/uploads\/2024\/08\/IMG_1427-scaled.jpg\" class=\"attachment-full size-full wp-image-6705\" alt=\"Carreiros do Monte\" srcset=\"https:\/\/pinandtrip.com\/wp-content\/uploads\/2024\/08\/IMG_1427-scaled.jpg 1920w, https:\/\/pinandtrip.com\/wp-content\/uploads\/2024\/08\/IMG_1427-1152x1536.jpg 1152w, https:\/\/pinandtrip.com\/wp-content\/uploads\/2024\/08\/IMG_1427-1536x2048.jpg 1536w, https:\/\/pinandtrip.com\/wp-content\/uploads\/2024\/08\/IMG_1427-9x12.jpg 9w, https:\/\/pinandtrip.com\/wp-content\/uploads\/2024\/08\/IMG_1427-845x1127.jpg 845w, https:\/\/pinandtrip.com\/wp-content\/uploads\/2024\/08\/IMG_1427-460x613.jpg 460w\" sizes=\"(max-width: 1920px) 100vw, 1920px\" \/>\t\t\t\t\t\t\t\t\t\t\t\t\t<\/div>\n\t\t\t\t<\/div>\n\t\t\t\t<div class=\"elementor-element elementor-element-43c418b elementor-widget elementor-widget-text-editor\" data-id=\"43c418b\" data-element_type=\"widget\" data-widget_type=\"text-editor.default\">\n\t\t\t\t<div class=\"elementor-widget-container\">\n\t\t\t\t\t\t\t<p>The price for this activity is 35 euros \/ 2 people.<\/p>\t\t\t\t\t\t<\/div>\n\t\t\t\t<\/div>\n\t\t\t\t<div class=\"elementor-element elementor-element-743effe elementor-widget elementor-widget-heading\" data-id=\"743effe\" data-element_type=\"widget\" data-widget_type=\"heading.default\">\n\t\t\t\t<div class=\"elementor-widget-container\">\n\t\t\t<h3 class=\"elementor-heading-title elementor-size-default\">3.\tJardim Bot\u00e2nico<\/h3>\t\t<\/div>\n\t\t\t\t<\/div>\n\t\t\t\t<div class=\"elementor-element elementor-element-f623e7e elementor-widget elementor-widget-text-editor\" data-id=\"f623e7e\" data-element_type=\"widget\" data-widget_type=\"text-editor.default\">\n\t\t\t\t<div class=\"elementor-widget-container\">\n\t\t\t\t\t\t\t<p>Another impressive botanical garden in Funchal is <strong>Jardim Bot\u00e2nico<\/strong>. With a smaller area than the Monte Palace Tropical Garden, but just as beautiful, with a lot of beautifully tropical plants, the Jardim Bot\u00e2nico botanical garden is definitely worth a visit.<\/p>\t\t\t\t\t\t<\/div>\n\t\t\t\t<\/div>\n\t\t\t\t<div class=\"elementor-element elementor-element-be930eb elementor-widget elementor-widget-text-editor\" data-id=\"be930eb\" data-element_type=\"widget\" data-widget_type=\"text-editor.default\">\n\t\t\t\t<div class=\"elementor-widget-container\">\n\t\t\t\t\t\t\t<p>The price of an entrance ticket is 8 euros.<\/p>\t\t\t\t\t\t<\/div>\n\t\t\t\t<\/div>\n\t\t\t\t<div class=\"elementor-element elementor-element-ad37a4b elementor-widget elementor-widget-gallery\" data-id=\"ad37a4b\" data-element_type=\"widget\" data-settings=\"{&quot;columns&quot;:3,&quot;aspect_ratio&quot;:&quot;1:1&quot;,&quot;lazyload&quot;:&quot;yes&quot;,&quot;gallery_layout&quot;:&quot;grid&quot;,&quot;columns_tablet&quot;:2,&quot;columns_mobile&quot;:1,&quot;gap&quot;:{&quot;unit&quot;:&quot;px&quot;,&quot;size&quot;:10,&quot;sizes&quot;:[]},&quot;gap_tablet&quot;:{&quot;unit&quot;:&quot;px&quot;,&quot;size&quot;:10,&quot;sizes&quot;:[]},&quot;gap_mobile&quot;:{&quot;unit&quot;:&quot;px&quot;,&quot;size&quot;:10,&quot;sizes&quot;:[]},&quot;link_to&quot;:&quot;file&quot;,&quot;overlay_background&quot;:&quot;yes&quot;,&quot;content_hover_animation&quot;:&quot;fade-in&quot;}\" data-widget_type=\"gallery.default\">\n\t\t\t\t<div class=\"elementor-widget-container\">\n\t\t\t\t\t<div class=\"elementor-gallery__container\">\n\t\t\t\t\t\t\t<a class=\"e-gallery-item elementor-gallery-item elementor-animated-content\" href=\"https:\/\/pinandtrip.com\/wp-content\/uploads\/2024\/08\/IMG_1612-scaled.jpg\" data-elementor-open-lightbox=\"yes\" data-elementor-lightbox-slideshow=\"ad37a4b\" data-elementor-lightbox-title=\"Jardim Bot\u00e2nico\" data-elementor-lightbox-description=\"Jardim Bot\u00e2nico\" data-e-action-hash=\"#elementor-action%3Aaction%3Dlightbox%26settings%3DeyJpZCI6NjcwMiwidXJsIjoiaHR0cHM6XC9cL3BpbmFuZHRyaXAuY29tXC93cC1jb250ZW50XC91cGxvYWRzXC8yMDI0XC8wOFwvSU1HXzE2MTItc2NhbGVkLmpwZyIsInNsaWRlc2hvdyI6ImFkMzdhNGIifQ%3D%3D\">\n\t\t\t\t\t<div class=\"e-gallery-image elementor-gallery-item__image\" data-thumbnail=\"https:\/\/pinandtrip.com\/wp-content\/uploads\/2024\/08\/IMG_1612-scaled.jpg\" data-width=\"2560\" data-height=\"1920\" aria-label=\"Jardim Bot\u00e2nico\" role=\"img\" ><\/div>\n\t\t\t\t\t\t\t\t\t\t\t<div class=\"elementor-gallery-item__overlay\"><\/div>\n\t\t\t\t\t\t\t\t\t\t\t\t\t\t<\/a>\n\t\t\t\t\t\t\t<a class=\"e-gallery-item elementor-gallery-item elementor-animated-content\" href=\"https:\/\/pinandtrip.com\/wp-content\/uploads\/2024\/08\/IMG_1618-scaled.jpeg\" data-elementor-open-lightbox=\"yes\" data-elementor-lightbox-slideshow=\"ad37a4b\" data-elementor-lightbox-title=\"Jardim Bot\u00e2nico\" data-elementor-lightbox-description=\"Jardim Bot\u00e2nico\" data-e-action-hash=\"#elementor-action%3Aaction%3Dlightbox%26settings%3DeyJpZCI6NjcwMywidXJsIjoiaHR0cHM6XC9cL3BpbmFuZHRyaXAuY29tXC93cC1jb250ZW50XC91cGxvYWRzXC8yMDI0XC8wOFwvSU1HXzE2MTgtc2NhbGVkLmpwZWciLCJzbGlkZXNob3ciOiJhZDM3YTRiIn0%3D\">\n\t\t\t\t\t<div class=\"e-gallery-image elementor-gallery-item__image\" data-thumbnail=\"https:\/\/pinandtrip.com\/wp-content\/uploads\/2024\/08\/IMG_1618-scaled.jpeg\" data-width=\"1920\" data-height=\"2560\" aria-label=\"Jardim Bot\u00e2nico\" role=\"img\" ><\/div>\n\t\t\t\t\t\t\t\t\t\t\t<div class=\"elementor-gallery-item__overlay\"><\/div>\n\t\t\t\t\t\t\t\t\t\t\t\t\t\t<\/a>\n\t\t\t\t\t\t\t<a class=\"e-gallery-item elementor-gallery-item elementor-animated-content\" href=\"https:\/\/pinandtrip.com\/wp-content\/uploads\/2024\/08\/IMG_1622-scaled.jpg\" data-elementor-open-lightbox=\"yes\" data-elementor-lightbox-slideshow=\"ad37a4b\" data-elementor-lightbox-title=\"Jardim Bot\u00e2nico\" data-elementor-lightbox-description=\"Jardim Bot\u00e2nico\" data-e-action-hash=\"#elementor-action%3Aaction%3Dlightbox%26settings%3DeyJpZCI6NjcwNCwidXJsIjoiaHR0cHM6XC9cL3BpbmFuZHRyaXAuY29tXC93cC1jb250ZW50XC91cGxvYWRzXC8yMDI0XC8wOFwvSU1HXzE2MjItc2NhbGVkLmpwZyIsInNsaWRlc2hvdyI6ImFkMzdhNGIifQ%3D%3D\">\n\t\t\t\t\t<div class=\"e-gallery-image elementor-gallery-item__image\" data-thumbnail=\"https:\/\/pinandtrip.com\/wp-content\/uploads\/2024\/08\/IMG_1622-scaled.jpg\" data-width=\"1920\" data-height=\"2560\" aria-label=\"Jardim Bot\u00e2nico\" role=\"img\" ><\/div>\n\t\t\t\t\t\t\t\t\t\t\t<div class=\"elementor-gallery-item__overlay\"><\/div>\n\t\t\t\t\t\t\t\t\t\t\t\t\t\t<\/a>\n\t\t\t\t\t<\/div>\n\t\t\t<\/div>\n\t\t\t\t<\/div>\n\t\t\t\t<div class=\"elementor-element elementor-element-fe7c044 elementor-widget elementor-widget-heading\" data-id=\"fe7c044\" data-element_type=\"widget\" data-widget_type=\"heading.default\">\n\t\t\t\t<div class=\"elementor-widget-container\">\n\t\t\t<h3 class=\"elementor-heading-title elementor-size-default\">4. Funchal City Center <\/h3>\t\t<\/div>\n\t\t\t\t<\/div>\n\t\t\t\t<div class=\"elementor-element elementor-element-f1e6ae4 elementor-widget elementor-widget-text-editor\" data-id=\"f1e6ae4\" data-element_type=\"widget\" data-widget_type=\"text-editor.default\">\n\t\t\t\t<div class=\"elementor-widget-container\">\n\t\t\t\t\t\t\t<p>Of course, you cannot come to Funchal without walking around the old center.<\/p>\t\t\t\t\t\t<\/div>\n\t\t\t\t<\/div>\n\t\t\t\t<div class=\"elementor-element elementor-element-e295f78 elementor-widget elementor-widget-text-editor\" data-id=\"e295f78\" data-element_type=\"widget\" data-widget_type=\"text-editor.default\">\n\t\t\t\t<div class=\"elementor-widget-container\">\n\t\t\t\t\t\t\t<p>Funchal is not a big city, and its center is quite small, making it really walkable. Some points of interest that you should not miss would be Rua de Santa Maria, the Cathedral, the port or the ocean promenade, A. do Mar.<\/p>\t\t\t\t\t\t<\/div>\n\t\t\t\t<\/div>\n\t\t\t\t<div class=\"elementor-element elementor-element-eedf424 elementor-widget elementor-widget-image\" data-id=\"eedf424\" data-element_type=\"widget\" data-widget_type=\"image.default\">\n\t\t\t\t<div class=\"elementor-widget-container\">\n\t\t\t\t\t\t\t\t\t\t\t\t\t<img loading=\"lazy\" decoding=\"async\" width=\"2560\" height=\"1920\" src=\"https:\/\/pinandtrip.com\/wp-content\/uploads\/2024\/08\/IMG_0439-scaled.jpg\" class=\"attachment-full size-full wp-image-6693\" alt=\"Funchal\" srcset=\"https:\/\/pinandtrip.com\/wp-content\/uploads\/2024\/08\/IMG_0439-scaled.jpg 2560w, https:\/\/pinandtrip.com\/wp-content\/uploads\/2024\/08\/IMG_0439-1536x1152.jpg 1536w, https:\/\/pinandtrip.com\/wp-content\/uploads\/2024\/08\/IMG_0439-2048x1536.jpg 2048w, https:\/\/pinandtrip.com\/wp-content\/uploads\/2024\/08\/IMG_0439-16x12.jpg 16w, https:\/\/pinandtrip.com\/wp-content\/uploads\/2024\/08\/IMG_0439-845x634.jpg 845w, https:\/\/pinandtrip.com\/wp-content\/uploads\/2024\/08\/IMG_0439-460x345.jpg 460w\" sizes=\"(max-width: 2560px) 100vw, 2560px\" \/>\t\t\t\t\t\t\t\t\t\t\t\t\t<\/div>\n\t\t\t\t<\/div>\n\t\t\t\t<div class=\"elementor-element elementor-element-30abdb1 elementor-widget elementor-widget-text-editor\" data-id=\"30abdb1\" data-element_type=\"widget\" data-widget_type=\"text-editor.default\">\n\t\t\t\t<div class=\"elementor-widget-container\">\n\t\t\t\t\t\t\t<p>And if you want to learn more about the history and culture of the city, you can always participate in a free or organized walking tour, such as this one: Funchal: <strong><a href=\"https:\/\/www.getyourguide.com\/madeira-l67\/old-funchal-historytellers-walking-tour-t70346\">Funchal: Old Town Walking Tour<\/a><\/strong>.<\/p>\t\t\t\t\t\t<\/div>\n\t\t\t\t<\/div>\n\t\t\t\t<div class=\"elementor-element elementor-element-ee52aa2 elementor-widget elementor-widget-text-editor\" data-id=\"ee52aa2\" data-element_type=\"widget\" data-widget_type=\"text-editor.default\">\n\t\t\t\t<div class=\"elementor-widget-container\">\n\t\t\t\t\t\t\t<p>If you come to Madeira during the winter holidays, more precisely throughout the month of December, you will be greeted by a beautiful city dressed in festive attire. What could be nicer than celebrating Christmas at 20 degrees?\u00a0<\/p>\t\t\t\t\t\t<\/div>\n\t\t\t\t<\/div>\n\t\t\t\t<div class=\"elementor-element elementor-element-ba6a108 elementor-widget elementor-widget-image\" data-id=\"ba6a108\" data-element_type=\"widget\" data-widget_type=\"image.default\">\n\t\t\t\t<div class=\"elementor-widget-container\">\n\t\t\t\t\t\t\t\t\t\t<figure class=\"wp-caption\">\n\t\t\t\t\t\t\t\t\t\t<img loading=\"lazy\" decoding=\"async\" width=\"1080\" height=\"1920\" src=\"https:\/\/pinandtrip.com\/wp-content\/uploads\/2024\/08\/4C588998-82A8-4352-BA7F-53000A054D1D.png\" class=\"attachment-full size-full wp-image-6692\" alt=\"Funchal\" srcset=\"https:\/\/pinandtrip.com\/wp-content\/uploads\/2024\/08\/4C588998-82A8-4352-BA7F-53000A054D1D.png 1080w, https:\/\/pinandtrip.com\/wp-content\/uploads\/2024\/08\/4C588998-82A8-4352-BA7F-53000A054D1D-864x1536.png 864w, https:\/\/pinandtrip.com\/wp-content\/uploads\/2024\/08\/4C588998-82A8-4352-BA7F-53000A054D1D-7x12.png 7w, https:\/\/pinandtrip.com\/wp-content\/uploads\/2024\/08\/4C588998-82A8-4352-BA7F-53000A054D1D-845x1502.png 845w, https:\/\/pinandtrip.com\/wp-content\/uploads\/2024\/08\/4C588998-82A8-4352-BA7F-53000A054D1D-460x818.png 460w\" sizes=\"(max-width: 1080px) 100vw, 1080px\" \/>\t\t\t\t\t\t\t\t\t\t\t<figcaption class=\"widget-image-caption wp-caption-text\">Funchal, near the winter holidays<\/figcaption>\n\t\t\t\t\t\t\t\t\t\t<\/figure>\n\t\t\t\t\t\t\t<\/div>\n\t\t\t\t<\/div>\n\t\t\t\t<div class=\"elementor-element elementor-element-d35194d elementor-widget elementor-widget-heading\" data-id=\"d35194d\" data-element_type=\"widget\" data-widget_type=\"heading.default\">\n\t\t\t\t<div class=\"elementor-widget-container\">\n\t\t\t<h3 class=\"elementor-heading-title elementor-size-default\">5.\tRua de Santa Maria<\/h3>\t\t<\/div>\n\t\t\t\t<\/div>\n\t\t\t\t<div class=\"elementor-element elementor-element-9f8f5e7 elementor-widget elementor-widget-text-editor\" data-id=\"9f8f5e7\" data-element_type=\"widget\" data-widget_type=\"text-editor.default\">\n\t\t\t\t<div class=\"elementor-widget-container\">\n\t\t\t\t\t\t\t<p><strong>Rua de Santa Maria<\/strong> is the most picturesque and crowded street in Funchal. It is a pedestrian street, only with restaurants and souvenir shops, always full of tourists.<\/p>\t\t\t\t\t\t<\/div>\n\t\t\t\t<\/div>\n\t\t\t\t<div class=\"elementor-element elementor-element-f44e2ac elementor-widget elementor-widget-text-editor\" data-id=\"f44e2ac\" data-element_type=\"widget\" data-widget_type=\"text-editor.default\">\n\t\t\t\t<div class=\"elementor-widget-container\">\n\t\t\t\t\t\t\t<p>And what impresses here are the paintings and drawings on the doors of the houses. It is like a walk through an open-air museum, with numerous artistic creations that delight the eye of the beholder.<\/p>\t\t\t\t\t\t<\/div>\n\t\t\t\t<\/div>\n\t\t\t\t<div class=\"elementor-element elementor-element-3f30bb2 elementor-widget elementor-widget-image\" data-id=\"3f30bb2\" data-element_type=\"widget\" data-widget_type=\"image.default\">\n\t\t\t\t<div class=\"elementor-widget-container\">\n\t\t\t\t\t\t\t\t\t\t<figure class=\"wp-caption\">\n\t\t\t\t\t\t\t\t\t\t<img loading=\"lazy\" decoding=\"async\" width=\"1080\" height=\"1808\" src=\"https:\/\/pinandtrip.com\/wp-content\/uploads\/2024\/08\/07CAF449-1E87-49A3-A7ED-5D2D908F8D73.png\" class=\"attachment-full size-full wp-image-6691\" alt=\"Rua de Santa Maria\" srcset=\"https:\/\/pinandtrip.com\/wp-content\/uploads\/2024\/08\/07CAF449-1E87-49A3-A7ED-5D2D908F8D73.png 1080w, https:\/\/pinandtrip.com\/wp-content\/uploads\/2024\/08\/07CAF449-1E87-49A3-A7ED-5D2D908F8D73-918x1536.png 918w, https:\/\/pinandtrip.com\/wp-content\/uploads\/2024\/08\/07CAF449-1E87-49A3-A7ED-5D2D908F8D73-7x12.png 7w, https:\/\/pinandtrip.com\/wp-content\/uploads\/2024\/08\/07CAF449-1E87-49A3-A7ED-5D2D908F8D73-845x1415.png 845w, https:\/\/pinandtrip.com\/wp-content\/uploads\/2024\/08\/07CAF449-1E87-49A3-A7ED-5D2D908F8D73-460x770.png 460w\" sizes=\"(max-width: 1080px) 100vw, 1080px\" \/>\t\t\t\t\t\t\t\t\t\t\t<figcaption class=\"widget-image-caption wp-caption-text\">Rua de Santa Maria<\/figcaption>\n\t\t\t\t\t\t\t\t\t\t<\/figure>\n\t\t\t\t\t\t\t<\/div>\n\t\t\t\t<\/div>\n\t\t\t\t<div class=\"elementor-element elementor-element-722be20 elementor-widget elementor-widget-text-editor\" data-id=\"722be20\" data-element_type=\"widget\" data-widget_type=\"text-editor.default\">\n\t\t\t\t<div class=\"elementor-widget-container\">\n\t\t\t\t\t\t\t<p>Some well-rated restaurants on this street would be:<\/p>\t\t\t\t\t\t<\/div>\n\t\t\t\t<\/div>\n\t\t\t\t<div class=\"elementor-element elementor-element-643fce0 elementor-widget elementor-widget-text-editor\" data-id=\"643fce0\" data-element_type=\"widget\" data-widget_type=\"text-editor.default\">\n\t\t\t\t<div class=\"elementor-widget-container\">\n\t\t\t\t\t\t\t<ul><li><strong><a href=\"https:\/\/www.tripadvisor.com\/Restaurant_Review-g189167-d1132710-Reviews-O_Portao-Funchal_Madeira_Madeira_Islands.html\">O Portao<\/a><\/strong>\u00a0<\/li><li><strong><a href=\"https:\/\/www.tripadvisor.com\/Restaurant_Review-g189167-d7386790-Reviews-La_Ao_Fundo-Funchal_Madeira_Madeira_Islands.html\">L\u00e1 Ao Fundo<\/a><\/strong>\u00a0<\/li><\/ul>\t\t\t\t\t\t<\/div>\n\t\t\t\t<\/div>\n\t\t\t\t<div class=\"elementor-element elementor-element-8af9ca4 elementor-widget elementor-widget-heading\" data-id=\"8af9ca4\" data-element_type=\"widget\" data-widget_type=\"heading.default\">\n\t\t\t\t<div class=\"elementor-widget-container\">\n\t\t\t<h3 class=\"elementor-heading-title elementor-size-default\">6. CR7 Museum<\/h3>\t\t<\/div>\n\t\t\t\t<\/div>\n\t\t\t\t<div class=\"elementor-element elementor-element-cc350b2 elementor-widget elementor-widget-text-editor\" data-id=\"cc350b2\" data-element_type=\"widget\" data-widget_type=\"text-editor.default\">\n\t\t\t\t<div class=\"elementor-widget-container\">\n\t\t\t\t\t\t\t<p>A special tourist attraction, dedicated to football fans and not only, is the <strong>Muzeul CR7<\/strong>, or Cristiano Ronaldo's Museum.<\/p>\t\t\t\t\t\t<\/div>\n\t\t\t\t<\/div>\n\t\t\t\t<div class=\"elementor-element elementor-element-465cee7 elementor-widget elementor-widget-text-editor\" data-id=\"465cee7\" data-element_type=\"widget\" data-widget_type=\"text-editor.default\">\n\t\t\t\t<div class=\"elementor-widget-container\">\n\t\t\t\t\t\t\t<p>The famous football player Cristiano Ronaldo was born and raised in Madeira, a matter of great pride for the inhabitants of this small island. The reason why the athlete's name is closely linked to Madeira - for example, the airport in Madeira was named after Cristiano Ronaldo, and at the entrance to the airport there is also his statue.<\/p>\t\t\t\t\t\t<\/div>\n\t\t\t\t<\/div>\n\t\t\t\t<div class=\"elementor-element elementor-element-e86c9ea elementor-widget elementor-widget-text-editor\" data-id=\"e86c9ea\" data-element_type=\"widget\" data-widget_type=\"text-editor.default\">\n\t\t\t\t<div class=\"elementor-widget-container\">\n\t\t\t\t\t\t\t<p>Also in his name, the CR7 museum was opened, which displays data and information about the entire football career of Cristiano Ronaldo, including the entire collection of trophies won by him.<\/p>\t\t\t\t\t\t<\/div>\n\t\t\t\t<\/div>\n\t\t\t\t<div class=\"elementor-element elementor-element-843793e elementor-widget elementor-widget-text-editor\" data-id=\"843793e\" data-element_type=\"widget\" data-widget_type=\"text-editor.default\">\n\t\t\t\t<div class=\"elementor-widget-container\">\n\t\t\t\t\t\t\t<p>An entrance ticket to the museum costs 5 euros.<\/p>\t\t\t\t\t\t<\/div>\n\t\t\t\t<\/div>\n\t\t\t\t<div class=\"elementor-element elementor-element-6f38b48 elementor-widget elementor-widget-text-editor\" data-id=\"6f38b48\" data-element_type=\"widget\" data-widget_type=\"text-editor.default\">\n\t\t\t\t<div class=\"elementor-widget-container\">\n\t\t\t\t\t\t\t<p>Next to the museum, there is also the famous hotel of Cristiano Ronaldo: <strong><a href=\"https:\/\/www.booking.com\/hotel\/pt\/pestana-cr7-funchal.ro.html\">Pestana CR7 Funchal ****<\/a><\/strong>.<\/p>\t\t\t\t\t\t<\/div>\n\t\t\t\t<\/div>\n\t\t\t\t<div class=\"elementor-element elementor-element-3a196bd elementor-widget elementor-widget-heading\" data-id=\"3a196bd\" data-element_type=\"widget\" data-widget_type=\"heading.default\">\n\t\t\t\t<div class=\"elementor-widget-container\">\n\t\t\t<h2 class=\"elementor-heading-title elementor-size-default\">Day trips from Funchal<\/h2>\t\t<\/div>\n\t\t\t\t<\/div>\n\t\t\t\t<div class=\"elementor-element elementor-element-7f08f78 elementor-widget elementor-widget-text-editor\" data-id=\"7f08f78\" data-element_type=\"widget\" data-widget_type=\"text-editor.default\">\n\t\t\t\t<div class=\"elementor-widget-container\">\n\t\t\t\t\t\t\t<p>Even if a rented car offers you a certain flexibility, day trips can also offer a good option to discover Madeira in its entirety. And Funchal is the starting point for all these tourist attractions:<\/p>\t\t\t\t\t\t<\/div>\n\t\t\t\t<\/div>\n\t\t\t\t<div class=\"elementor-element elementor-element-2cc8e69 elementor-widget elementor-widget-text-editor\" data-id=\"2cc8e69\" data-element_type=\"widget\" data-widget_type=\"text-editor.default\">\n\t\t\t\t<div class=\"elementor-widget-container\">\n\t\t\t\t\t\t\t<p><strong><a href=\"https:\/\/www.getyourguide.com\/madeira-l67\/best-of-the-east-tour-from-funchal-t65983\/?ranking_uuid=94873fc1-ff70-4e4e-a163-ed5a6089d5d9\">Madeira: Best of the East Tour from Funchal<\/a>\u00a0<\/strong><\/p><p><strong><a href=\"https:\/\/www.getyourguide.com\/madeira-l67\/best-of-the-west-tour-from-funchal-t61801\/\">From Funchal: Best of Madeira&#8217;s West Tour\u00a0<\/a><\/strong><\/p><p><strong><a href=\"https:\/\/www.getyourguide.com\/madeira-l67\/skywalk-porto-moniz-volcanic-pools-with-open-roof-4x4-tour-t225105\/\">Funchal: Porto Moniz, Fanal Forest and Cabo Girao Jeep Tour\u00a0<\/a><\/strong><\/p><p><strong><a href=\"https:\/\/www.getyourguide.com\/madeira-l67\/porto-moniz-full-day-jeep-tour-seixal-beach-volcanic-pool-t456215\/\">Madeira: Full-Day Jeep Tour with Guide and Pickup\u00a0<\/a><\/strong><\/p><p><strong><a href=\"https:\/\/www.getyourguide.com\/madeira-l67\/hike-madeira-pico-arieiro-to-pico-ruivo-t10956\/\">Madeira: Pico Arieiro to Pico Ruivo Hike\u00a0<\/a><\/strong><\/p><p><strong><a href=\"https:\/\/www.getyourguide.com\/madeira-l67\/caldeirao-verde-transfer-self-guided-hike-t482482\">Caldeir\u00e3o Verde Levada: Roundtrip Transfer &amp; Hike\u00a0<\/a><\/strong><\/p>\t\t\t\t\t\t<\/div>\n\t\t\t\t<\/div>\n\t\t\t\t<div class=\"elementor-element elementor-element-3604cec elementor-widget elementor-widget-image\" data-id=\"3604cec\" data-element_type=\"widget\" data-widget_type=\"image.default\">\n\t\t\t\t<div class=\"elementor-widget-container\">\n\t\t\t\t\t\t\t\t\t\t<figure class=\"wp-caption\">\n\t\t\t\t\t\t\t\t\t\t<img loading=\"lazy\" decoding=\"async\" width=\"1920\" height=\"2560\" src=\"https:\/\/pinandtrip.com\/wp-content\/uploads\/2024\/08\/IMG_0147-scaled.jpeg\" class=\"attachment-full size-full wp-image-6712\" alt=\"Sunset on Pico Ruivo\" srcset=\"https:\/\/pinandtrip.com\/wp-content\/uploads\/2024\/08\/IMG_0147-scaled.jpeg 1920w, https:\/\/pinandtrip.com\/wp-content\/uploads\/2024\/08\/IMG_0147-1152x1536.jpeg 1152w, https:\/\/pinandtrip.com\/wp-content\/uploads\/2024\/08\/IMG_0147-1536x2048.jpeg 1536w, https:\/\/pinandtrip.com\/wp-content\/uploads\/2024\/08\/IMG_0147-9x12.jpeg 9w, https:\/\/pinandtrip.com\/wp-content\/uploads\/2024\/08\/IMG_0147-845x1127.jpeg 845w, https:\/\/pinandtrip.com\/wp-content\/uploads\/2024\/08\/IMG_0147-460x613.jpeg 460w\" sizes=\"(max-width: 1920px) 100vw, 1920px\" \/>\t\t\t\t\t\t\t\t\t\t\t<figcaption class=\"widget-image-caption wp-caption-text\">Sunset on Pico Ruivo<\/figcaption>\n\t\t\t\t\t\t\t\t\t\t<\/figure>\n\t\t\t\t\t\t\t<\/div>\n\t\t\t\t<\/div>\n\t\t\t\t<div class=\"elementor-element elementor-element-a54ac47 elementor-widget elementor-widget-heading\" data-id=\"a54ac47\" data-element_type=\"widget\" data-widget_type=\"heading.default\">\n\t\t\t\t<div class=\"elementor-widget-container\">\n\t\t\t<h2 class=\"elementor-heading-title elementor-size-default\">Where to eat in Funchal<\/h2>\t\t<\/div>\n\t\t\t\t<\/div>\n\t\t\t\t<div class=\"elementor-element elementor-element-a53bd09 elementor-widget elementor-widget-text-editor\" data-id=\"a53bd09\" data-element_type=\"widget\" data-widget_type=\"text-editor.default\">\n\t\t\t\t<div class=\"elementor-widget-container\">\n\t\t\t\t\t\t\t<p>Below is a list of the most famous and popular restaurants in Funchal, according to <strong><a href=\"http:\/\/tripadvisor.com\">TripAdvisor.com<\/a><\/strong>, which no gourmet is allowed to miss:<\/p>\t\t\t\t\t\t<\/div>\n\t\t\t\t<\/div>\n\t\t\t\t<div class=\"elementor-element elementor-element-b60b83d elementor-widget elementor-widget-text-editor\" data-id=\"b60b83d\" data-element_type=\"widget\" data-widget_type=\"text-editor.default\">\n\t\t\t\t<div class=\"elementor-widget-container\">\n\t\t\t\t\t\t\t<ul><li><strong><a href=\"https:\/\/www.tripadvisor.com\/Restaurant_Review-g189167-d4139241-Reviews-Restaurante_Alta_Vista-Funchal_Madeira_Madeira_Islands.html\">Restaurante Alta Vista\u00a0<\/a><\/strong><\/li><li><strong><a href=\"https:\/\/www.tripadvisor.com\/Restaurant_Review-g189167-d5040899-Reviews-La_Vaca_Negra-Funchal_Madeira_Madeira_Islands.html\">La Vaca Negra\u00a0<\/a><\/strong><\/li><li><strong><a href=\"https:\/\/www.tripadvisor.com\/Restaurant_Review-g189167-d23766709-Reviews-Peixaria_no_Mercado-Funchal_Madeira_Madeira_Islands.html\">Peixaria no Mercado\u00a0<\/a><\/strong><\/li><li><strong><a href=\"https:\/\/www.tripadvisor.com\/Restaurant_Review-g189167-d4139241-Reviews-Restaurante_Alta_Vista-Funchal_Madeira_Madeira_Islands.html\">Restaurante Alta Vista\u00a0<\/a><\/strong><\/li><li><strong><a href=\"https:\/\/www.tripadvisor.com\/Restaurant_Review-g189167-d6753113-Reviews-Leeno_s_Bar_Restaurant-Funchal_Madeira_Madeira_Islands.html\">Leeno&#8217;s Bar &amp; Restaurant\u00a0<\/a><\/strong><\/li><\/ul>\t\t\t\t\t\t<\/div>\n\t\t\t\t<\/div>\n\t\t\t\t<div class=\"elementor-element elementor-element-8d48fea elementor-widget elementor-widget-text-editor\" data-id=\"8d48fea\" data-element_type=\"widget\" data-widget_type=\"text-editor.default\">\n\t\t\t\t<div class=\"elementor-widget-container\">\n\t\t\t\t\t\t\t<p>If you want to see the complete list of all the tourist sights and points of interest in Madeira, I have prepared this article for you: <strong>What to do in Madeira - TOP 20 most beautiful places to visit<\/strong>.<\/p>\t\t\t\t\t\t<\/div>\n\t\t\t\t<\/div>\n\t\t\t\t<div class=\"elementor-element elementor-element-0fe83a0 elementor-widget elementor-widget-image\" data-id=\"0fe83a0\" data-element_type=\"widget\" data-widget_type=\"image.default\">\n\t\t\t\t<div class=\"elementor-widget-container\">\n\t\t\t\t\t\t\t\t\t\t\t\t\t<img loading=\"lazy\" decoding=\"async\" width=\"1920\" height=\"2560\" src=\"https:\/\/pinandtrip.com\/wp-content\/uploads\/2024\/08\/IMG_1465-scaled.jpg\" class=\"attachment-full size-full wp-image-6713\" alt=\"Funchal\" srcset=\"https:\/\/pinandtrip.com\/wp-content\/uploads\/2024\/08\/IMG_1465-scaled.jpg 1920w, https:\/\/pinandtrip.com\/wp-content\/uploads\/2024\/08\/IMG_1465-1152x1536.jpg 1152w, https:\/\/pinandtrip.com\/wp-content\/uploads\/2024\/08\/IMG_1465-1536x2048.jpg 1536w, https:\/\/pinandtrip.com\/wp-content\/uploads\/2024\/08\/IMG_1465-9x12.jpg 9w, https:\/\/pinandtrip.com\/wp-content\/uploads\/2024\/08\/IMG_1465-845x1127.jpg 845w, https:\/\/pinandtrip.com\/wp-content\/uploads\/2024\/08\/IMG_1465-460x613.jpg 460w\" sizes=\"(max-width: 1920px) 100vw, 1920px\" \/>\t\t\t\t\t\t\t\t\t\t\t\t\t<\/div>\n\t\t\t\t<\/div>\n\t\t\t\t\t<\/div>\n\t\t<\/div>\n\t\t\t\t\t<\/div>\n\t\t<\/section>\n\t\t\t\t<section class=\"elementor-section elementor-top-section elementor-element elementor-element-6b8e18b elementor-section-boxed elementor-section-height-default elementor-section-height-default\" data-id=\"6b8e18b\" data-element_type=\"section\">\n\t\t\t\t\t\t<div class=\"elementor-container elementor-column-gap-default\">\n\t\t\t\t\t<div class=\"elementor-column elementor-col-100 elementor-top-column elementor-element elementor-element-62c25bc\" data-id=\"62c25bc\" data-element_type=\"column\">\n\t\t\t<div class=\"elementor-widget-wrap elementor-element-populated\">\n\t\t\t\t\t\t<div class=\"elementor-element elementor-element-5a40d26b elementor-widget elementor-widget-sayville-quote\" data-id=\"5a40d26b\" data-element_type=\"widget\" data-widget_type=\"sayville-quote.default\">\n\t\t\t\t<div class=\"elementor-widget-container\">\n\t\t\t<blockquote class=\"wp-block-quote style2 textcenter\"><p class=\"text\">Related articles<\/p><\/blockquote>\t\t<\/div>\n\t\t\t\t<\/div>\n\t\t\t\t<div class=\"elementor-element elementor-element-7eb0b39e elementor-widget elementor-widget-text-editor\" data-id=\"7eb0b39e\" data-element_type=\"widget\" data-widget_type=\"text-editor.default\">\n\t\t\t\t<div class=\"elementor-widget-container\">\n\t\t\t\t\t\t\t<p><strong><a href=\"https:\/\/pinandtrip.com\/en\/ce-sa-faci-in-madeira-cele-mai-frumoase-20-locuri-de-vizitat\/\">What to do in Madeira - TOP 20 most beautiful places to visit<\/a><\/strong><\/p><p><strong><a href=\"https:\/\/pinandtrip.com\/en\/madeira-tot-ce-trebuie-sa-stii-inainte-sa-vizitezi-madeira-insula-eternei-primaveri\/\">Madeira - Everything you need to know before visiting Madeira, the island of eternal spring<\/a><\/strong><\/p><p><strong><a href=\"https:\/\/pinandtrip.com\/en\/7-zile-in-madeira-itinerariul-perfect-pentru-insula-madeira\/\">7 days in Madeira - The perfect itinerary for your first vacation in Madeira<\/a><\/strong><\/p><p><strong><a href=\"https:\/\/pinandtrip.com\/en\/atractia-turistica-nr-1-din-madeira-pico-do-arieiro-si-pico-ruivo-ghidul-complet\/\">Tourist attraction no. 1 in Madeira \u2013 Pico do Arieiro and Pico Ruivo \u2013 The complete guide<\/a><\/strong><\/p><p><strong><a href=\"https:\/\/pinandtrip.com\/en\/4-zile-in-lisabona-obiective-turistice-ce-sa-faci-in-lisabona\/\"><strong>4 Days in<\/strong> Lisbon, the Capital of Portugal - Tourist Attractions, What to Do in Lisbon<\/a><\/strong><\/p><p><strong><a href=\"https:\/\/pinandtrip.com\/en\/o-zi-in-porto-portugalia-ce-sa-faci-obiective-turistice\/\">What to do in Porto, Portugal - Top 5 Tourist Attractions<\/a><\/strong><\/p>\t\t\t\t\t\t<\/div>\n\t\t\t\t<\/div>\n\t\t\t\t<div class=\"elementor-element elementor-element-4ef6bc91 elementor-widget elementor-widget-html\" data-id=\"4ef6bc91\" data-element_type=\"widget\" data-widget_type=\"html.default\">\n\t\t\t\t<div class=\"elementor-widget-container\">\n\t\t\t<div align=\"center\"><a href=\"https:\/\/www.buymeacoffee.com\/pinandtrip\"><img decoding=\"async\" src=\"https:\/\/img.buymeacoffee.com\/button-api\/?text=Buy me a coffee&emoji=&slug=pinandtrip&button_colour=40DCA5&font_colour=ffffff&font_family=Cookie&outline_colour=000000&coffee_colour=FFDD00\" \/><\/a><\/div>\t\t<\/div>\n\t\t\t\t<\/div>\n\t\t\t\t<div class=\"elementor-element elementor-element-7800719f elementor-widget elementor-widget-shortcode\" data-id=\"7800719f\" data-element_type=\"widget\" data-widget_type=\"shortcode.default\">\n\t\t\t\t<div class=\"elementor-widget-container\">\n\t\t\t\t\t<div class=\"elementor-shortcode\">\n<div id=\"sb_instagram\"  class=\"sbi sbi_mob_col_2 sbi_tab_col_2 sbi_col_3 sbi_width_resp sbi_palette_light\" style=\"padding-bottom: 10px;\" data-feedid=\"*2\"  data-res=\"auto\" data-cols=\"3\" data-colsmobile=\"2\" data-colstablet=\"2\" data-num=\"3\" data-nummobile=\"2\" data-item-padding=\"5\" data-shortcode-atts=\"{&quot;feed&quot;:&quot;2&quot;,&quot;cachetime&quot;:30}\"  data-postid=\"6615\" data-locatornonce=\"11ad793fbf\" data-imageaspectratio=\"1:1\" data-sbi-flags=\"favorLocal\">\n\t\n    <div id=\"sbi_images\"  style=\"gap: 10px;\">\n\t\t<div class=\"sbi_item sbi_type_video sbi_new sbi_transition\" id=\"sbi_18070563599359407\" data-date=\"1775905890\">\n    <div class=\"sbi_photo_wrap\">\n        <a class=\"sbi_photo\" href=\"https:\/\/www.instagram.com\/reel\/DW_TVrajcu1\/\" target=\"_blank\" rel=\"noopener nofollow\" data-full-res=\"https:\/\/scontent-otp1-1.cdninstagram.com\/v\/t51.71878-15\/670927873_985106834187354_5031974181528589279_n.jpg?stp=dst-jpg_e35_tt6&#038;_nc_cat=100&#038;ccb=7-5&#038;_nc_sid=18de74&#038;efg=eyJlZmdfdGFnIjoiQ0xJUFMuYmVzdF9pbWFnZV91cmxnZW4uQzMifQ%3D%3D&#038;_nc_ohc=oef34J2EUeEQ7kNvwHmhMDQ&#038;_nc_oc=AdqpS5MoyDCr1F5oyhXX-Tl6c5dS1cgG3_mHBvp9wve_A0hIdH6SurokXQHya8jVo_4dJeswRgcVB6y3EEr11ozs&#038;_nc_zt=23&#038;_nc_ht=scontent-otp1-1.cdninstagram.com&#038;edm=ANo9K5cEAAAA&#038;_nc_gid=ZwV0Ue99F61NTPwCPcfT3g&#038;_nc_tpa=Q5bMBQFNwKxiM4VqqV0r1-d8NU44s5y3kq9in1o8GHpZ4kR5epKYwLjHonEUyGpnGUxmYQmAHTNJpL90Rw&#038;oh=00_Af2du6sxTztPYKGJrWi_7Us7LDVROarib-veutcisV9_xw&#038;oe=69E15A54\" data-img-src-set=\"{&quot;d&quot;:&quot;https:\\\/\\\/scontent-otp1-1.cdninstagram.com\\\/v\\\/t51.71878-15\\\/670927873_985106834187354_5031974181528589279_n.jpg?stp=dst-jpg_e35_tt6&amp;_nc_cat=100&amp;ccb=7-5&amp;_nc_sid=18de74&amp;efg=eyJlZmdfdGFnIjoiQ0xJUFMuYmVzdF9pbWFnZV91cmxnZW4uQzMifQ%3D%3D&amp;_nc_ohc=oef34J2EUeEQ7kNvwHmhMDQ&amp;_nc_oc=AdqpS5MoyDCr1F5oyhXX-Tl6c5dS1cgG3_mHBvp9wve_A0hIdH6SurokXQHya8jVo_4dJeswRgcVB6y3EEr11ozs&amp;_nc_zt=23&amp;_nc_ht=scontent-otp1-1.cdninstagram.com&amp;edm=ANo9K5cEAAAA&amp;_nc_gid=ZwV0Ue99F61NTPwCPcfT3g&amp;_nc_tpa=Q5bMBQFNwKxiM4VqqV0r1-d8NU44s5y3kq9in1o8GHpZ4kR5epKYwLjHonEUyGpnGUxmYQmAHTNJpL90Rw&amp;oh=00_Af2du6sxTztPYKGJrWi_7Us7LDVROarib-veutcisV9_xw&amp;oe=69E15A54&quot;,&quot;150&quot;:&quot;https:\\\/\\\/scontent-otp1-1.cdninstagram.com\\\/v\\\/t51.71878-15\\\/670927873_985106834187354_5031974181528589279_n.jpg?stp=dst-jpg_e35_tt6&amp;_nc_cat=100&amp;ccb=7-5&amp;_nc_sid=18de74&amp;efg=eyJlZmdfdGFnIjoiQ0xJUFMuYmVzdF9pbWFnZV91cmxnZW4uQzMifQ%3D%3D&amp;_nc_ohc=oef34J2EUeEQ7kNvwHmhMDQ&amp;_nc_oc=AdqpS5MoyDCr1F5oyhXX-Tl6c5dS1cgG3_mHBvp9wve_A0hIdH6SurokXQHya8jVo_4dJeswRgcVB6y3EEr11ozs&amp;_nc_zt=23&amp;_nc_ht=scontent-otp1-1.cdninstagram.com&amp;edm=ANo9K5cEAAAA&amp;_nc_gid=ZwV0Ue99F61NTPwCPcfT3g&amp;_nc_tpa=Q5bMBQFNwKxiM4VqqV0r1-d8NU44s5y3kq9in1o8GHpZ4kR5epKYwLjHonEUyGpnGUxmYQmAHTNJpL90Rw&amp;oh=00_Af2du6sxTztPYKGJrWi_7Us7LDVROarib-veutcisV9_xw&amp;oe=69E15A54&quot;,&quot;320&quot;:&quot;https:\\\/\\\/scontent-otp1-1.cdninstagram.com\\\/v\\\/t51.71878-15\\\/670927873_985106834187354_5031974181528589279_n.jpg?stp=dst-jpg_e35_tt6&amp;_nc_cat=100&amp;ccb=7-5&amp;_nc_sid=18de74&amp;efg=eyJlZmdfdGFnIjoiQ0xJUFMuYmVzdF9pbWFnZV91cmxnZW4uQzMifQ%3D%3D&amp;_nc_ohc=oef34J2EUeEQ7kNvwHmhMDQ&amp;_nc_oc=AdqpS5MoyDCr1F5oyhXX-Tl6c5dS1cgG3_mHBvp9wve_A0hIdH6SurokXQHya8jVo_4dJeswRgcVB6y3EEr11ozs&amp;_nc_zt=23&amp;_nc_ht=scontent-otp1-1.cdninstagram.com&amp;edm=ANo9K5cEAAAA&amp;_nc_gid=ZwV0Ue99F61NTPwCPcfT3g&amp;_nc_tpa=Q5bMBQFNwKxiM4VqqV0r1-d8NU44s5y3kq9in1o8GHpZ4kR5epKYwLjHonEUyGpnGUxmYQmAHTNJpL90Rw&amp;oh=00_Af2du6sxTztPYKGJrWi_7Us7LDVROarib-veutcisV9_xw&amp;oe=69E15A54&quot;,&quot;640&quot;:&quot;https:\\\/\\\/scontent-otp1-1.cdninstagram.com\\\/v\\\/t51.71878-15\\\/670927873_985106834187354_5031974181528589279_n.jpg?stp=dst-jpg_e35_tt6&amp;_nc_cat=100&amp;ccb=7-5&amp;_nc_sid=18de74&amp;efg=eyJlZmdfdGFnIjoiQ0xJUFMuYmVzdF9pbWFnZV91cmxnZW4uQzMifQ%3D%3D&amp;_nc_ohc=oef34J2EUeEQ7kNvwHmhMDQ&amp;_nc_oc=AdqpS5MoyDCr1F5oyhXX-Tl6c5dS1cgG3_mHBvp9wve_A0hIdH6SurokXQHya8jVo_4dJeswRgcVB6y3EEr11ozs&amp;_nc_zt=23&amp;_nc_ht=scontent-otp1-1.cdninstagram.com&amp;edm=ANo9K5cEAAAA&amp;_nc_gid=ZwV0Ue99F61NTPwCPcfT3g&amp;_nc_tpa=Q5bMBQFNwKxiM4VqqV0r1-d8NU44s5y3kq9in1o8GHpZ4kR5epKYwLjHonEUyGpnGUxmYQmAHTNJpL90Rw&amp;oh=00_Af2du6sxTztPYKGJrWi_7Us7LDVROarib-veutcisV9_xw&amp;oe=69E15A54&quot;}\">\n            <span class=\"sbi-screenreader\">Cele mai NEprietenoase \u021b\u0103ri pentru VAN life \u00een <\/span>\n            \t        <svg style=\"color: rgba(255,255,255,1)\" class=\"svg-inline--fa fa-play fa-w-14 sbi_playbtn\" aria-label=\"Play\" aria-hidden=\"true\" data-fa-processed=\"\" data-prefix=\"fa\" data-icon=\"play\" role=\"presentation\" xmlns=\"http:\/\/www.w3.org\/2000\/svg\" viewbox=\"0 0 448 512\"><path fill=\"currentColor\" d=\"M424.4 214.7L72.4 6.6C43.8-10.3 0 6.1 0 47.9V464c0 37.5 40.7 60.1 72.4 41.3l352-208c31.4-18.5 31.5-64.1 0-82.6z\"><\/path><\/svg>            <img decoding=\"async\" src=\"https:\/\/pinandtrip.com\/wp-content\/plugins\/instagram-feed\/img\/placeholder.png\" alt=\"Cele mai NEprietenoase \u021b\u0103ri pentru VAN life \u00een Europa \ud83d\ude90Ai fi ghicit \u021bara de primul loc? \ud83d\ude31Am c\u0103l\u0103torit cu VAN-ul nostru convertit in peste 20 de \u021b\u0103ri* din Europa, timp de 3 ani, \u0219i, din p\u0103cate, nu peste tot ne-am sim\u021bit bineveni\u021bi.Uite lista noastr\u0103 cu cele mai neprietenoase \u021b\u0103ri pentru van life \ud83d\ude90Te-ai a\u0219teptat la lista aceasta?Tu ce experien\u021be similare ai avut?#vanlife #campervan #vanconversion #roadtrip #europa*cu men\u021biunea cu tarile balcanice le vom vizita vara aceasta \ud83d\udc4c\ud83c\udffb\">\n        <\/a>\n    <\/div>\n<\/div><div class=\"sbi_item sbi_type_video sbi_new sbi_transition\" id=\"sbi_18338412127174704\" data-date=\"1775756224\">\n    <div class=\"sbi_photo_wrap\">\n        <a class=\"sbi_photo\" href=\"https:\/\/www.instagram.com\/reel\/DW62QUtjACZ\/\" target=\"_blank\" rel=\"noopener nofollow\" data-full-res=\"https:\/\/scontent-otp1-1.cdninstagram.com\/v\/t51.71878-15\/670620876_1389567859642189_402373490753719163_n.jpg?stp=dst-jpg_e35_tt6&#038;_nc_cat=103&#038;ccb=7-5&#038;_nc_sid=18de74&#038;efg=eyJlZmdfdGFnIjoiQ0xJUFMuYmVzdF9pbWFnZV91cmxnZW4uQzMifQ%3D%3D&#038;_nc_ohc=4AomEFux6GUQ7kNvwFs2-h5&#038;_nc_oc=AdrzauYeYqolokTVcNB-lgLJKmKRQgzeMiTAVBWXrYVDyfGiwRc-m3JavmaygMjZtfFkcKRLNgGP2CYBMzbfsgY1&#038;_nc_zt=23&#038;_nc_ht=scontent-otp1-1.cdninstagram.com&#038;edm=ANo9K5cEAAAA&#038;_nc_gid=ZwV0Ue99F61NTPwCPcfT3g&#038;_nc_tpa=Q5bMBQFUJ6LULVIr1Kbau2KZmWXwHeD7Mk-gxBBd_t2RBebsYblqDytU7PAVICcRtgw4fGXvQ1jUDbJphw&#038;oh=00_Af0RimkbiFbCNGWnJ1WQs4qmun-F1NPlzx-HJMsdXMSskg&#038;oe=69E183A0\" data-img-src-set=\"{&quot;d&quot;:&quot;https:\\\/\\\/scontent-otp1-1.cdninstagram.com\\\/v\\\/t51.71878-15\\\/670620876_1389567859642189_402373490753719163_n.jpg?stp=dst-jpg_e35_tt6&amp;_nc_cat=103&amp;ccb=7-5&amp;_nc_sid=18de74&amp;efg=eyJlZmdfdGFnIjoiQ0xJUFMuYmVzdF9pbWFnZV91cmxnZW4uQzMifQ%3D%3D&amp;_nc_ohc=4AomEFux6GUQ7kNvwFs2-h5&amp;_nc_oc=AdrzauYeYqolokTVcNB-lgLJKmKRQgzeMiTAVBWXrYVDyfGiwRc-m3JavmaygMjZtfFkcKRLNgGP2CYBMzbfsgY1&amp;_nc_zt=23&amp;_nc_ht=scontent-otp1-1.cdninstagram.com&amp;edm=ANo9K5cEAAAA&amp;_nc_gid=ZwV0Ue99F61NTPwCPcfT3g&amp;_nc_tpa=Q5bMBQFUJ6LULVIr1Kbau2KZmWXwHeD7Mk-gxBBd_t2RBebsYblqDytU7PAVICcRtgw4fGXvQ1jUDbJphw&amp;oh=00_Af0RimkbiFbCNGWnJ1WQs4qmun-F1NPlzx-HJMsdXMSskg&amp;oe=69E183A0&quot;,&quot;150&quot;:&quot;https:\\\/\\\/scontent-otp1-1.cdninstagram.com\\\/v\\\/t51.71878-15\\\/670620876_1389567859642189_402373490753719163_n.jpg?stp=dst-jpg_e35_tt6&amp;_nc_cat=103&amp;ccb=7-5&amp;_nc_sid=18de74&amp;efg=eyJlZmdfdGFnIjoiQ0xJUFMuYmVzdF9pbWFnZV91cmxnZW4uQzMifQ%3D%3D&amp;_nc_ohc=4AomEFux6GUQ7kNvwFs2-h5&amp;_nc_oc=AdrzauYeYqolokTVcNB-lgLJKmKRQgzeMiTAVBWXrYVDyfGiwRc-m3JavmaygMjZtfFkcKRLNgGP2CYBMzbfsgY1&amp;_nc_zt=23&amp;_nc_ht=scontent-otp1-1.cdninstagram.com&amp;edm=ANo9K5cEAAAA&amp;_nc_gid=ZwV0Ue99F61NTPwCPcfT3g&amp;_nc_tpa=Q5bMBQFUJ6LULVIr1Kbau2KZmWXwHeD7Mk-gxBBd_t2RBebsYblqDytU7PAVICcRtgw4fGXvQ1jUDbJphw&amp;oh=00_Af0RimkbiFbCNGWnJ1WQs4qmun-F1NPlzx-HJMsdXMSskg&amp;oe=69E183A0&quot;,&quot;320&quot;:&quot;https:\\\/\\\/scontent-otp1-1.cdninstagram.com\\\/v\\\/t51.71878-15\\\/670620876_1389567859642189_402373490753719163_n.jpg?stp=dst-jpg_e35_tt6&amp;_nc_cat=103&amp;ccb=7-5&amp;_nc_sid=18de74&amp;efg=eyJlZmdfdGFnIjoiQ0xJUFMuYmVzdF9pbWFnZV91cmxnZW4uQzMifQ%3D%3D&amp;_nc_ohc=4AomEFux6GUQ7kNvwFs2-h5&amp;_nc_oc=AdrzauYeYqolokTVcNB-lgLJKmKRQgzeMiTAVBWXrYVDyfGiwRc-m3JavmaygMjZtfFkcKRLNgGP2CYBMzbfsgY1&amp;_nc_zt=23&amp;_nc_ht=scontent-otp1-1.cdninstagram.com&amp;edm=ANo9K5cEAAAA&amp;_nc_gid=ZwV0Ue99F61NTPwCPcfT3g&amp;_nc_tpa=Q5bMBQFUJ6LULVIr1Kbau2KZmWXwHeD7Mk-gxBBd_t2RBebsYblqDytU7PAVICcRtgw4fGXvQ1jUDbJphw&amp;oh=00_Af0RimkbiFbCNGWnJ1WQs4qmun-F1NPlzx-HJMsdXMSskg&amp;oe=69E183A0&quot;,&quot;640&quot;:&quot;https:\\\/\\\/scontent-otp1-1.cdninstagram.com\\\/v\\\/t51.71878-15\\\/670620876_1389567859642189_402373490753719163_n.jpg?stp=dst-jpg_e35_tt6&amp;_nc_cat=103&amp;ccb=7-5&amp;_nc_sid=18de74&amp;efg=eyJlZmdfdGFnIjoiQ0xJUFMuYmVzdF9pbWFnZV91cmxnZW4uQzMifQ%3D%3D&amp;_nc_ohc=4AomEFux6GUQ7kNvwFs2-h5&amp;_nc_oc=AdrzauYeYqolokTVcNB-lgLJKmKRQgzeMiTAVBWXrYVDyfGiwRc-m3JavmaygMjZtfFkcKRLNgGP2CYBMzbfsgY1&amp;_nc_zt=23&amp;_nc_ht=scontent-otp1-1.cdninstagram.com&amp;edm=ANo9K5cEAAAA&amp;_nc_gid=ZwV0Ue99F61NTPwCPcfT3g&amp;_nc_tpa=Q5bMBQFUJ6LULVIr1Kbau2KZmWXwHeD7Mk-gxBBd_t2RBebsYblqDytU7PAVICcRtgw4fGXvQ1jUDbJphw&amp;oh=00_Af0RimkbiFbCNGWnJ1WQs4qmun-F1NPlzx-HJMsdXMSskg&amp;oe=69E183A0&quot;}\">\n            <span class=\"sbi-screenreader\"><\/span>\n            \t        <svg style=\"color: rgba(255,255,255,1)\" class=\"svg-inline--fa fa-play fa-w-14 sbi_playbtn\" aria-label=\"Play\" aria-hidden=\"true\" data-fa-processed=\"\" data-prefix=\"fa\" data-icon=\"play\" role=\"presentation\" xmlns=\"http:\/\/www.w3.org\/2000\/svg\" viewbox=\"0 0 448 512\"><path fill=\"currentColor\" d=\"M424.4 214.7L72.4 6.6C43.8-10.3 0 6.1 0 47.9V464c0 37.5 40.7 60.1 72.4 41.3l352-208c31.4-18.5 31.5-64.1 0-82.6z\"><\/path><\/svg>            <img decoding=\"async\" src=\"https:\/\/pinandtrip.com\/wp-content\/plugins\/instagram-feed\/img\/placeholder.png\" alt=\"Am c\u0103l\u0103torit cu van-ul nostru prin peste 20 de \u021b\u0103ri din Europa \u0219i ne-am f\u0103cut o idee destul de clar\u0103 despre unde e cel mai u\u0219or s\u0103 faci van life.Unele \u021b\u0103ri sunt extrem de bine preg\u0103tite, si pe acelea le mentionam aici \ud83d\udc46\ud83c\udffbAsta e lista noastr\u0103 cu cele mai van friendly \u021b\u0103ri din Europa \ud83d\ude90Te-ai asteptat la aceste \u021b\u0103ri?#vanlife #campervan #autorulota #vanconversion #roadtrip\">\n        <\/a>\n    <\/div>\n<\/div><div class=\"sbi_item sbi_type_video sbi_new sbi_transition\" id=\"sbi_17853032028646180\" data-date=\"1775581810\">\n    <div class=\"sbi_photo_wrap\">\n        <a class=\"sbi_photo\" href=\"https:\/\/www.instagram.com\/reel\/DW1pk7rjeC7\/\" target=\"_blank\" rel=\"noopener nofollow\" data-full-res=\"https:\/\/scontent-otp1-1.cdninstagram.com\/v\/t51.71878-15\/659032369_1629844054797501_7322457490350763602_n.jpg?stp=dst-jpg_e35_tt6&#038;_nc_cat=111&#038;ccb=7-5&#038;_nc_sid=18de74&#038;efg=eyJlZmdfdGFnIjoiQ0xJUFMuYmVzdF9pbWFnZV91cmxnZW4uQzMifQ%3D%3D&#038;_nc_ohc=mHAB1C0Q4hsQ7kNvwGa-jtm&#038;_nc_oc=AdrMhN6rXWd5g53KIRFitGrMtqSgfFGmrAGjR9kD2uRTx63idSaIznKWk0K34EL4SnTCmV07yiqHhM-5We6-Vds5&#038;_nc_zt=23&#038;_nc_ht=scontent-otp1-1.cdninstagram.com&#038;edm=ANo9K5cEAAAA&#038;_nc_gid=ZwV0Ue99F61NTPwCPcfT3g&#038;_nc_tpa=Q5bMBQGsQJMqfAxW_xet1oNojGX_RML4twImWqo0DGueR8phisyUP23inmbl31zSH5TEp4z65Z7M2dAqmw&#038;oh=00_Af0uV3RwAApzobZk2U1-kjIAHIE017_4F7vyHBb5BKBHrw&#038;oe=69E17CCD\" data-img-src-set=\"{&quot;d&quot;:&quot;https:\\\/\\\/scontent-otp1-1.cdninstagram.com\\\/v\\\/t51.71878-15\\\/659032369_1629844054797501_7322457490350763602_n.jpg?stp=dst-jpg_e35_tt6&amp;_nc_cat=111&amp;ccb=7-5&amp;_nc_sid=18de74&amp;efg=eyJlZmdfdGFnIjoiQ0xJUFMuYmVzdF9pbWFnZV91cmxnZW4uQzMifQ%3D%3D&amp;_nc_ohc=mHAB1C0Q4hsQ7kNvwGa-jtm&amp;_nc_oc=AdrMhN6rXWd5g53KIRFitGrMtqSgfFGmrAGjR9kD2uRTx63idSaIznKWk0K34EL4SnTCmV07yiqHhM-5We6-Vds5&amp;_nc_zt=23&amp;_nc_ht=scontent-otp1-1.cdninstagram.com&amp;edm=ANo9K5cEAAAA&amp;_nc_gid=ZwV0Ue99F61NTPwCPcfT3g&amp;_nc_tpa=Q5bMBQGsQJMqfAxW_xet1oNojGX_RML4twImWqo0DGueR8phisyUP23inmbl31zSH5TEp4z65Z7M2dAqmw&amp;oh=00_Af0uV3RwAApzobZk2U1-kjIAHIE017_4F7vyHBb5BKBHrw&amp;oe=69E17CCD&quot;,&quot;150&quot;:&quot;https:\\\/\\\/scontent-otp1-1.cdninstagram.com\\\/v\\\/t51.71878-15\\\/659032369_1629844054797501_7322457490350763602_n.jpg?stp=dst-jpg_e35_tt6&amp;_nc_cat=111&amp;ccb=7-5&amp;_nc_sid=18de74&amp;efg=eyJlZmdfdGFnIjoiQ0xJUFMuYmVzdF9pbWFnZV91cmxnZW4uQzMifQ%3D%3D&amp;_nc_ohc=mHAB1C0Q4hsQ7kNvwGa-jtm&amp;_nc_oc=AdrMhN6rXWd5g53KIRFitGrMtqSgfFGmrAGjR9kD2uRTx63idSaIznKWk0K34EL4SnTCmV07yiqHhM-5We6-Vds5&amp;_nc_zt=23&amp;_nc_ht=scontent-otp1-1.cdninstagram.com&amp;edm=ANo9K5cEAAAA&amp;_nc_gid=ZwV0Ue99F61NTPwCPcfT3g&amp;_nc_tpa=Q5bMBQGsQJMqfAxW_xet1oNojGX_RML4twImWqo0DGueR8phisyUP23inmbl31zSH5TEp4z65Z7M2dAqmw&amp;oh=00_Af0uV3RwAApzobZk2U1-kjIAHIE017_4F7vyHBb5BKBHrw&amp;oe=69E17CCD&quot;,&quot;320&quot;:&quot;https:\\\/\\\/scontent-otp1-1.cdninstagram.com\\\/v\\\/t51.71878-15\\\/659032369_1629844054797501_7322457490350763602_n.jpg?stp=dst-jpg_e35_tt6&amp;_nc_cat=111&amp;ccb=7-5&amp;_nc_sid=18de74&amp;efg=eyJlZmdfdGFnIjoiQ0xJUFMuYmVzdF9pbWFnZV91cmxnZW4uQzMifQ%3D%3D&amp;_nc_ohc=mHAB1C0Q4hsQ7kNvwGa-jtm&amp;_nc_oc=AdrMhN6rXWd5g53KIRFitGrMtqSgfFGmrAGjR9kD2uRTx63idSaIznKWk0K34EL4SnTCmV07yiqHhM-5We6-Vds5&amp;_nc_zt=23&amp;_nc_ht=scontent-otp1-1.cdninstagram.com&amp;edm=ANo9K5cEAAAA&amp;_nc_gid=ZwV0Ue99F61NTPwCPcfT3g&amp;_nc_tpa=Q5bMBQGsQJMqfAxW_xet1oNojGX_RML4twImWqo0DGueR8phisyUP23inmbl31zSH5TEp4z65Z7M2dAqmw&amp;oh=00_Af0uV3RwAApzobZk2U1-kjIAHIE017_4F7vyHBb5BKBHrw&amp;oe=69E17CCD&quot;,&quot;640&quot;:&quot;https:\\\/\\\/scontent-otp1-1.cdninstagram.com\\\/v\\\/t51.71878-15\\\/659032369_1629844054797501_7322457490350763602_n.jpg?stp=dst-jpg_e35_tt6&amp;_nc_cat=111&amp;ccb=7-5&amp;_nc_sid=18de74&amp;efg=eyJlZmdfdGFnIjoiQ0xJUFMuYmVzdF9pbWFnZV91cmxnZW4uQzMifQ%3D%3D&amp;_nc_ohc=mHAB1C0Q4hsQ7kNvwGa-jtm&amp;_nc_oc=AdrMhN6rXWd5g53KIRFitGrMtqSgfFGmrAGjR9kD2uRTx63idSaIznKWk0K34EL4SnTCmV07yiqHhM-5We6-Vds5&amp;_nc_zt=23&amp;_nc_ht=scontent-otp1-1.cdninstagram.com&amp;edm=ANo9K5cEAAAA&amp;_nc_gid=ZwV0Ue99F61NTPwCPcfT3g&amp;_nc_tpa=Q5bMBQGsQJMqfAxW_xet1oNojGX_RML4twImWqo0DGueR8phisyUP23inmbl31zSH5TEp4z65Z7M2dAqmw&amp;oh=00_Af0uV3RwAApzobZk2U1-kjIAHIE017_4F7vyHBb5BKBHrw&amp;oe=69E17CCD&quot;}\">\n            <span class=\"sbi-screenreader\">Ne-am convertit propriul VAN doar pentru a ajunge <\/span>\n            \t        <svg style=\"color: rgba(255,255,255,1)\" class=\"svg-inline--fa fa-play fa-w-14 sbi_playbtn\" aria-label=\"Play\" aria-hidden=\"true\" data-fa-processed=\"\" data-prefix=\"fa\" data-icon=\"play\" role=\"presentation\" xmlns=\"http:\/\/www.w3.org\/2000\/svg\" viewbox=\"0 0 448 512\"><path fill=\"currentColor\" d=\"M424.4 214.7L72.4 6.6C43.8-10.3 0 6.1 0 47.9V464c0 37.5 40.7 60.1 72.4 41.3l352-208c31.4-18.5 31.5-64.1 0-82.6z\"><\/path><\/svg>            <img decoding=\"async\" src=\"https:\/\/pinandtrip.com\/wp-content\/plugins\/instagram-feed\/img\/placeholder.png\" alt=\"Ne-am convertit propriul VAN doar pentru a ajunge la Nordkapp! De la momentul \u00een care ne-am decis sa cumparam ma\u0219ina, la conversie \u0219i omologare, \u0219i apoi la excursia de 3 luni pana \u00een Norvegia cu van-ul nostru... A fost un drum lung, o aventura de la \u00eenceput pana la sfarsit. \u0218i cu un rezultat pe m\u0103sur\u0103 \ud83d\udc4c\ud83c\udffbDa, acesta a fost cel mai mare vis al nostru, \u0219i l-am \u00eendeplinit!Tu ce vis nebun ai avut, pe care ai reu\u0219it s\u0103 \u00eel duci la bun sf\u00e2r\u0219it? \u2728#vanlife #campervan #norvegia #vanconversions\">\n        <\/a>\n    <\/div>\n<\/div>    <\/div>\n\n\t<div id=\"sbi_load\" >\n\n\t\n\t\t\t<span class=\"sbi_follow_btn sbi_custom\">\n        <a href=\"https:\/\/www.instagram.com\/pinandtrip\/\" style=\"background: rgb(31,172,173);\" target=\"_blank\" rel=\"nofollow noopener\">\n            <svg class=\"svg-inline--fa fa-instagram fa-w-14\" aria-hidden=\"true\" data-fa-processed=\"\" aria-label=\"Instagram\" data-prefix=\"fab\" data-icon=\"instagram\" role=\"img\" viewbox=\"0 0 448 512\">\n\t                <path fill=\"currentColor\" d=\"M224.1 141c-63.6 0-114.9 51.3-114.9 114.9s51.3 114.9 114.9 114.9S339 319.5 339 255.9 287.7 141 224.1 141zm0 189.6c-41.1 0-74.7-33.5-74.7-74.7s33.5-74.7 74.7-74.7 74.7 33.5 74.7 74.7-33.6 74.7-74.7 74.7zm146.4-194.3c0 14.9-12 26.8-26.8 26.8-14.9 0-26.8-12-26.8-26.8s12-26.8 26.8-26.8 26.8 12 26.8 26.8zm76.1 27.2c-1.7-35.9-9.9-67.7-36.2-93.9-26.2-26.2-58-34.4-93.9-36.2-37-2.1-147.9-2.1-184.9 0-35.8 1.7-67.6 9.9-93.9 36.1s-34.4 58-36.2 93.9c-2.1 37-2.1 147.9 0 184.9 1.7 35.9 9.9 67.7 36.2 93.9s58 34.4 93.9 36.2c37 2.1 147.9 2.1 184.9 0 35.9-1.7 67.7-9.9 93.9-36.2 26.2-26.2 34.4-58 36.2-93.9 2.1-37 2.1-147.8 0-184.8zM398.8 388c-7.8 19.6-22.9 34.7-42.6 42.6-29.5 11.7-99.5 9-132.1 9s-102.7 2.6-132.1-9c-19.6-7.8-34.7-22.9-42.6-42.6-11.7-29.5-9-99.5-9-132.1s-2.6-102.7 9-132.1c7.8-19.6 22.9-34.7 42.6-42.6 29.5-11.7 99.5-9 132.1-9s102.7-2.6 132.1 9c19.6 7.8 34.7 22.9 42.6 42.6 11.7 29.5 9 99.5 9 132.1s2.7 102.7-9 132.1z\"><\/path>\n\t            <\/svg>            <span>Follow on Instagram<\/span>\n        <\/a>\n    <\/span>\n\t\n<\/div>\n\n\t    <span class=\"sbi_resized_image_data\" data-feed-id=\"*2\" data-resized=\"{&quot;18338412127174704&quot;:{&quot;id&quot;:&quot;670620876_1389567859642189_402373490753719163_n&quot;,&quot;ratio&quot;:&quot;0.56&quot;,&quot;sizes&quot;:{&quot;full&quot;:640,&quot;low&quot;:320,&quot;thumb&quot;:150},&quot;extension&quot;:&quot;.webp&quot;},&quot;17853032028646180&quot;:{&quot;id&quot;:&quot;659032369_1629844054797501_7322457490350763602_n&quot;,&quot;ratio&quot;:&quot;0.56&quot;,&quot;sizes&quot;:{&quot;full&quot;:640,&quot;low&quot;:320,&quot;thumb&quot;:150},&quot;extension&quot;:&quot;.webp&quot;},&quot;18070563599359407&quot;:{&quot;id&quot;:&quot;670927873_985106834187354_5031974181528589279_n&quot;,&quot;ratio&quot;:&quot;0.56&quot;,&quot;sizes&quot;:{&quot;full&quot;:640,&quot;low&quot;:320,&quot;thumb&quot;:150},&quot;extension&quot;:&quot;.webp&quot;}}\">\n\t<\/span>\n\t<\/div>\n\n\t<style type=\"text\/css\">\n\t\t\t\t#sb_instagram #sbi_load .sbi_load_btn:hover{\n\t\t\toutline: none;\n\t\t\tbox-shadow: inset 0 0 20px 20px #1facad;\n\t\t}\n\t\t\t\t\n\t\t#sb_instagram .sbi_follow_btn a:hover,\n\t\t#sb_instagram .sbi_follow_btn a:focus{\n\t\t\toutline: none;\n\t\t\tbox-shadow: inset 0 0 10px 20px #002C2C;\n\t\t}\n\t\t\t<\/style>\n\t<\/div>\n\t\t\t\t<\/div>\n\t\t\t\t<\/div>\n\t\t\t\t\t<\/div>\n\t\t<\/div>\n\t\t\t\t\t<\/div>\n\t\t<\/section>\n\t\t\t\t<\/div>","protected":false},"excerpt":{"rendered":"<p>Ai ajuns in Madeira, taramul paradisiac denumit si insula eternei primaveri? Atunci neaparat trebuie sa iti aloci cateva ore si pentru\u00a0 Funchal, capitala Madeirei! Acest articol iti prezinta cele mai importante obiective turistice din Funchal,\u00a0 de neratat daca ajungi in cel mai mare oras al insulei din Atlantic. Iar daca vrei sa vezi cum ne-am<\/p>","protected":false},"author":1,"featured_media":6711,"comment_status":"open","ping_status":"open","sticky":false,"template":"","format":"standard","meta":{"_themeisle_gutenberg_block_has_review":false,"footnotes":""},"categories":[96,5,16],"tags":[210,209,208,207,211,68,9],"class_list":["post-6615","post","type-post","status-publish","format-standard","has-post-thumbnail","hentry","category-portugalia","category-travel","category-vacanta-europa","tag-ce-sa-faci-in-funchal","tag-ce-sa-faci-in-madeira","tag-funchal","tag-madeira","tag-o-zi-in-funchal","tag-portugalia","tag-travel"],"yoast_head":"<!-- This site is optimized with the Yoast SEO plugin v25.0 - https:\/\/yoast.com\/wordpress\/plugins\/seo\/ -->\n<title>Ce sa faci o zi in Funchal - TOP 6 lucruri de facut in Funchal<\/title>\n<meta name=\"description\" content=\"Afla aici ce poti vizita si ce poti face in Funchal, capitala Madeirei: obiective turistice, cum circuli, unde sa te cazezi, unde sa mananci\" \/>\n<meta name=\"robots\" content=\"index, follow, max-snippet:-1, max-image-preview:large, max-video-preview:-1\" \/>\n<link rel=\"canonical\" href=\"https:\/\/pinandtrip.com\/en\/o-zi-in-funchal-capitala-madeirei-top-6-lucruri-de-facut-in-funchal\/\" \/>\n<meta property=\"og:locale\" content=\"en_US\" \/>\n<meta property=\"og:type\" content=\"article\" \/>\n<meta property=\"og:title\" content=\"Ce sa faci o zi in Funchal - TOP 6 lucruri de facut in Funchal\" \/>\n<meta property=\"og:description\" content=\"Afla aici ce poti vizita si ce poti face in Funchal, capitala Madeirei: obiective turistice, cum circuli, unde sa te cazezi, unde sa mananci\" \/>\n<meta property=\"og:url\" content=\"https:\/\/pinandtrip.com\/en\/o-zi-in-funchal-capitala-madeirei-top-6-lucruri-de-facut-in-funchal\/\" \/>\n<meta property=\"og:site_name\" content=\"Pin &amp; Trip\" \/>\n<meta property=\"article:publisher\" content=\"https:\/\/www.facebook.com\/pinandtrip\" \/>\n<meta property=\"article:author\" content=\"https:\/\/www.facebook.com\/pinandtrip\/\" \/>\n<meta property=\"article:published_time\" content=\"2024-08-27T16:58:07+00:00\" \/>\n<meta property=\"article:modified_time\" content=\"2026-04-11T19:00:25+00:00\" \/>\n<meta property=\"og:image\" content=\"https:\/\/pinandtrip.com\/wp-content\/uploads\/2024\/08\/IMG_1632-scaled.jpg\" \/>\n\t<meta property=\"og:image:width\" content=\"2560\" \/>\n\t<meta property=\"og:image:height\" content=\"1920\" \/>\n\t<meta property=\"og:image:type\" content=\"image\/jpeg\" \/>\n<meta name=\"author\" content=\"Denisa &amp; Catalin\" \/>\n<meta name=\"twitter:card\" content=\"summary_large_image\" \/>\n<meta name=\"twitter:label1\" content=\"Written by\" \/>\n\t<meta name=\"twitter:data1\" content=\"Denisa &amp; Catalin\" \/>\n\t<meta name=\"twitter:label2\" content=\"Est. reading time\" \/>\n\t<meta name=\"twitter:data2\" content=\"10 minutes\" \/>\n<script type=\"application\/ld+json\" class=\"yoast-schema-graph\">{\"@context\":\"https:\/\/schema.org\",\"@graph\":[{\"@type\":\"WebPage\",\"@id\":\"https:\/\/pinandtrip.com\/o-zi-in-funchal-capitala-madeirei-top-6-lucruri-de-facut-in-funchal\/\",\"url\":\"https:\/\/pinandtrip.com\/o-zi-in-funchal-capitala-madeirei-top-6-lucruri-de-facut-in-funchal\/\",\"name\":\"Ce sa faci o zi in Funchal - TOP 6 lucruri de facut in Funchal\",\"isPartOf\":{\"@id\":\"https:\/\/pinandtrip.com\/#website\"},\"primaryImageOfPage\":{\"@id\":\"https:\/\/pinandtrip.com\/o-zi-in-funchal-capitala-madeirei-top-6-lucruri-de-facut-in-funchal\/#primaryimage\"},\"image\":{\"@id\":\"https:\/\/pinandtrip.com\/o-zi-in-funchal-capitala-madeirei-top-6-lucruri-de-facut-in-funchal\/#primaryimage\"},\"thumbnailUrl\":\"https:\/\/pinandtrip.com\/wp-content\/uploads\/2024\/08\/IMG_1632-scaled.jpg\",\"datePublished\":\"2024-08-27T16:58:07+00:00\",\"dateModified\":\"2026-04-11T19:00:25+00:00\",\"author\":{\"@id\":\"https:\/\/pinandtrip.com\/#\/schema\/person\/d08c2968191a56cf00541cde10d52b35\"},\"description\":\"Afla aici ce poti vizita si ce poti face in Funchal, capitala Madeirei: obiective turistice, cum circuli, unde sa te cazezi, unde sa mananci\",\"breadcrumb\":{\"@id\":\"https:\/\/pinandtrip.com\/o-zi-in-funchal-capitala-madeirei-top-6-lucruri-de-facut-in-funchal\/#breadcrumb\"},\"inLanguage\":\"en-US\",\"potentialAction\":[{\"@type\":\"ReadAction\",\"target\":[\"https:\/\/pinandtrip.com\/o-zi-in-funchal-capitala-madeirei-top-6-lucruri-de-facut-in-funchal\/\"]}]},{\"@type\":\"ImageObject\",\"inLanguage\":\"en-US\",\"@id\":\"https:\/\/pinandtrip.com\/o-zi-in-funchal-capitala-madeirei-top-6-lucruri-de-facut-in-funchal\/#primaryimage\",\"url\":\"https:\/\/pinandtrip.com\/wp-content\/uploads\/2024\/08\/IMG_1632-scaled.jpg\",\"contentUrl\":\"https:\/\/pinandtrip.com\/wp-content\/uploads\/2024\/08\/IMG_1632-scaled.jpg\",\"width\":2560,\"height\":1920,\"caption\":\"Funchal\"},{\"@type\":\"BreadcrumbList\",\"@id\":\"https:\/\/pinandtrip.com\/o-zi-in-funchal-capitala-madeirei-top-6-lucruri-de-facut-in-funchal\/#breadcrumb\",\"itemListElement\":[{\"@type\":\"ListItem\",\"position\":1,\"name\":\"Home\",\"item\":\"https:\/\/pinandtrip.com\/\"},{\"@type\":\"ListItem\",\"position\":2,\"name\":\"O zi in Funchal, capitala Madeirei \u2013 TOP 6 lucruri de facut in Funchal\"}]},{\"@type\":\"WebSite\",\"@id\":\"https:\/\/pinandtrip.com\/#website\",\"url\":\"https:\/\/pinandtrip.com\/\",\"name\":\"Pin&Trip\",\"description\":\"\",\"potentialAction\":[{\"@type\":\"SearchAction\",\"target\":{\"@type\":\"EntryPoint\",\"urlTemplate\":\"https:\/\/pinandtrip.com\/?s={search_term_string}\"},\"query-input\":{\"@type\":\"PropertyValueSpecification\",\"valueRequired\":true,\"valueName\":\"search_term_string\"}}],\"inLanguage\":\"en-US\"},{\"@type\":\"Person\",\"@id\":\"https:\/\/pinandtrip.com\/#\/schema\/person\/d08c2968191a56cf00541cde10d52b35\",\"name\":\"Denisa &amp; Catalin\",\"image\":{\"@type\":\"ImageObject\",\"inLanguage\":\"en-US\",\"@id\":\"https:\/\/pinandtrip.com\/#\/schema\/person\/image\/\",\"url\":\"https:\/\/secure.gravatar.com\/avatar\/85010b4779316b4a50a10fd696a252eedd2e3bc661826b2722fde2a96c280f1b?s=96&d=mm&r=g\",\"contentUrl\":\"https:\/\/secure.gravatar.com\/avatar\/85010b4779316b4a50a10fd696a252eedd2e3bc661826b2722fde2a96c280f1b?s=96&d=mm&r=g\",\"caption\":\"Denisa &amp; Catalin\"},\"sameAs\":[\"https:\/\/pinandtrip.com\",\"https:\/\/www.facebook.com\/pinandtrip\/\",\"https:\/\/www.instagram.com\/pinandtrip\/\",\"https:\/\/www.youtube.com\/@pinandtrip\"]}]}<\/script>\n<!-- \/ Yoast SEO plugin. -->","yoast_head_json":{"title":"Ce sa faci o zi in Funchal - TOP 6 lucruri de facut in Funchal","description":"Afla aici ce poti vizita si ce poti face in Funchal, capitala Madeirei: obiective turistice, cum circuli, unde sa te cazezi, unde sa mananci","robots":{"index":"index","follow":"follow","max-snippet":"max-snippet:-1","max-image-preview":"max-image-preview:large","max-video-preview":"max-video-preview:-1"},"canonical":"https:\/\/pinandtrip.com\/en\/o-zi-in-funchal-capitala-madeirei-top-6-lucruri-de-facut-in-funchal\/","og_locale":"en_US","og_type":"article","og_title":"Ce sa faci o zi in Funchal - TOP 6 lucruri de facut in Funchal","og_description":"Afla aici ce poti vizita si ce poti face in Funchal, capitala Madeirei: obiective turistice, cum circuli, unde sa te cazezi, unde sa mananci","og_url":"https:\/\/pinandtrip.com\/en\/o-zi-in-funchal-capitala-madeirei-top-6-lucruri-de-facut-in-funchal\/","og_site_name":"Pin &amp; Trip","article_publisher":"https:\/\/www.facebook.com\/pinandtrip","article_author":"https:\/\/www.facebook.com\/pinandtrip\/","article_published_time":"2024-08-27T16:58:07+00:00","article_modified_time":"2026-04-11T19:00:25+00:00","og_image":[{"width":2560,"height":1920,"url":"https:\/\/pinandtrip.com\/wp-content\/uploads\/2024\/08\/IMG_1632-scaled.jpg","type":"image\/jpeg"}],"author":"Denisa &amp; Catalin","twitter_card":"summary_large_image","twitter_misc":{"Written by":"Denisa &amp; Catalin","Est. reading time":"10 minutes"},"schema":{"@context":"https:\/\/schema.org","@graph":[{"@type":"WebPage","@id":"https:\/\/pinandtrip.com\/o-zi-in-funchal-capitala-madeirei-top-6-lucruri-de-facut-in-funchal\/","url":"https:\/\/pinandtrip.com\/o-zi-in-funchal-capitala-madeirei-top-6-lucruri-de-facut-in-funchal\/","name":"Ce sa faci o zi in Funchal - TOP 6 lucruri de facut in Funchal","isPartOf":{"@id":"https:\/\/pinandtrip.com\/#website"},"primaryImageOfPage":{"@id":"https:\/\/pinandtrip.com\/o-zi-in-funchal-capitala-madeirei-top-6-lucruri-de-facut-in-funchal\/#primaryimage"},"image":{"@id":"https:\/\/pinandtrip.com\/o-zi-in-funchal-capitala-madeirei-top-6-lucruri-de-facut-in-funchal\/#primaryimage"},"thumbnailUrl":"https:\/\/pinandtrip.com\/wp-content\/uploads\/2024\/08\/IMG_1632-scaled.jpg","datePublished":"2024-08-27T16:58:07+00:00","dateModified":"2026-04-11T19:00:25+00:00","author":{"@id":"https:\/\/pinandtrip.com\/#\/schema\/person\/d08c2968191a56cf00541cde10d52b35"},"description":"Afla aici ce poti vizita si ce poti face in Funchal, capitala Madeirei: obiective turistice, cum circuli, unde sa te cazezi, unde sa mananci","breadcrumb":{"@id":"https:\/\/pinandtrip.com\/o-zi-in-funchal-capitala-madeirei-top-6-lucruri-de-facut-in-funchal\/#breadcrumb"},"inLanguage":"en-US","potentialAction":[{"@type":"ReadAction","target":["https:\/\/pinandtrip.com\/o-zi-in-funchal-capitala-madeirei-top-6-lucruri-de-facut-in-funchal\/"]}]},{"@type":"ImageObject","inLanguage":"en-US","@id":"https:\/\/pinandtrip.com\/o-zi-in-funchal-capitala-madeirei-top-6-lucruri-de-facut-in-funchal\/#primaryimage","url":"https:\/\/pinandtrip.com\/wp-content\/uploads\/2024\/08\/IMG_1632-scaled.jpg","contentUrl":"https:\/\/pinandtrip.com\/wp-content\/uploads\/2024\/08\/IMG_1632-scaled.jpg","width":2560,"height":1920,"caption":"Funchal"},{"@type":"BreadcrumbList","@id":"https:\/\/pinandtrip.com\/o-zi-in-funchal-capitala-madeirei-top-6-lucruri-de-facut-in-funchal\/#breadcrumb","itemListElement":[{"@type":"ListItem","position":1,"name":"Home","item":"https:\/\/pinandtrip.com\/"},{"@type":"ListItem","position":2,"name":"O zi in Funchal, capitala Madeirei \u2013 TOP 6 lucruri de facut in Funchal"}]},{"@type":"WebSite","@id":"https:\/\/pinandtrip.com\/#website","url":"https:\/\/pinandtrip.com\/","name":"Pin&Trip","description":"","potentialAction":[{"@type":"SearchAction","target":{"@type":"EntryPoint","urlTemplate":"https:\/\/pinandtrip.com\/?s={search_term_string}"},"query-input":{"@type":"PropertyValueSpecification","valueRequired":true,"valueName":"search_term_string"}}],"inLanguage":"en-US"},{"@type":"Person","@id":"https:\/\/pinandtrip.com\/#\/schema\/person\/d08c2968191a56cf00541cde10d52b35","name":"Denisa &amp; Catalin","image":{"@type":"ImageObject","inLanguage":"en-US","@id":"https:\/\/pinandtrip.com\/#\/schema\/person\/image\/","url":"https:\/\/secure.gravatar.com\/avatar\/85010b4779316b4a50a10fd696a252eedd2e3bc661826b2722fde2a96c280f1b?s=96&d=mm&r=g","contentUrl":"https:\/\/secure.gravatar.com\/avatar\/85010b4779316b4a50a10fd696a252eedd2e3bc661826b2722fde2a96c280f1b?s=96&d=mm&r=g","caption":"Denisa &amp; Catalin"},"sameAs":["https:\/\/pinandtrip.com","https:\/\/www.facebook.com\/pinandtrip\/","https:\/\/www.instagram.com\/pinandtrip\/","https:\/\/www.youtube.com\/@pinandtrip"]}]}},"_links":{"self":[{"href":"https:\/\/pinandtrip.com\/en\/wp-json\/wp\/v2\/posts\/6615","targetHints":{"allow":["GET"]}}],"collection":[{"href":"https:\/\/pinandtrip.com\/en\/wp-json\/wp\/v2\/posts"}],"about":[{"href":"https:\/\/pinandtrip.com\/en\/wp-json\/wp\/v2\/types\/post"}],"author":[{"embeddable":true,"href":"https:\/\/pinandtrip.com\/en\/wp-json\/wp\/v2\/users\/1"}],"replies":[{"embeddable":true,"href":"https:\/\/pinandtrip.com\/en\/wp-json\/wp\/v2\/comments?post=6615"}],"version-history":[{"count":29,"href":"https:\/\/pinandtrip.com\/en\/wp-json\/wp\/v2\/posts\/6615\/revisions"}],"predecessor-version":[{"id":6859,"href":"https:\/\/pinandtrip.com\/en\/wp-json\/wp\/v2\/posts\/6615\/revisions\/6859"}],"wp:featuredmedia":[{"embeddable":true,"href":"https:\/\/pinandtrip.com\/en\/wp-json\/wp\/v2\/media\/6711"}],"wp:attachment":[{"href":"https:\/\/pinandtrip.com\/en\/wp-json\/wp\/v2\/media?parent=6615"}],"wp:term":[{"taxonomy":"category","embeddable":true,"href":"https:\/\/pinandtrip.com\/en\/wp-json\/wp\/v2\/categories?post=6615"},{"taxonomy":"post_tag","embeddable":true,"href":"https:\/\/pinandtrip.com\/en\/wp-json\/wp\/v2\/tags?post=6615"}],"curies":[{"name":"wp","href":"https:\/\/api.w.org\/{rel}","templated":true}]}}