{"id":6624,"date":"2024-08-27T17:43:00","date_gmt":"2024-08-27T17:43:00","guid":{"rendered":"https:\/\/pinandtrip.com\/?p=6624"},"modified":"2026-04-11T19:00:24","modified_gmt":"2026-04-11T19:00:24","slug":"atractia-turistica-nr-1-din-madeira-pico-do-arieiro-si-pico-ruivo-ghidul-complet","status":"publish","type":"post","link":"https:\/\/pinandtrip.com\/en\/atractia-turistica-nr-1-din-madeira-pico-do-arieiro-si-pico-ruivo-ghidul-complet\/","title":{"rendered":"Tourist attraction no. 1 in Madeira \u2013 Pico do Arieiro and Pico Ruivo \u2013 The complete guide"},"content":{"rendered":"<div data-elementor-type=\"wp-post\" data-elementor-id=\"6624\" class=\"elementor elementor-6624\" data-elementor-post-type=\"post\">\n\t\t\t\t\t\t<section class=\"elementor-section elementor-top-section elementor-element elementor-element-1a1faae elementor-section-boxed elementor-section-height-default elementor-section-height-default\" data-id=\"1a1faae\" data-element_type=\"section\">\n\t\t\t\t\t\t<div class=\"elementor-container elementor-column-gap-default\">\n\t\t\t\t\t<div class=\"elementor-column elementor-col-100 elementor-top-column elementor-element elementor-element-4dd1285\" data-id=\"4dd1285\" data-element_type=\"column\">\n\t\t\t<div class=\"elementor-widget-wrap elementor-element-populated\">\n\t\t\t\t\t\t<div class=\"elementor-element elementor-element-edc13c4 elementor-widget elementor-widget-text-editor\" data-id=\"edc13c4\" data-element_type=\"widget\" data-widget_type=\"text-editor.default\">\n\t\t\t\t<div class=\"elementor-widget-container\">\n\t\t\t<style>\/*! elementor - v3.23.0 - 15-07-2024 *\/\n.elementor-widget-text-editor.elementor-drop-cap-view-stacked .elementor-drop-cap{background-color:#69727d;color:#fff}.elementor-widget-text-editor.elementor-drop-cap-view-framed .elementor-drop-cap{color:#69727d;border:3px solid;background-color:transparent}.elementor-widget-text-editor:not(.elementor-drop-cap-view-default) .elementor-drop-cap{margin-top:8px}.elementor-widget-text-editor:not(.elementor-drop-cap-view-default) .elementor-drop-cap-letter{width:1em;height:1em}.elementor-widget-text-editor .elementor-drop-cap{float:left;text-align:center;line-height:1;font-size:50px}.elementor-widget-text-editor .elementor-drop-cap-letter{display:inline-block}<\/style>\t\t\t\t<p>The most important tourist attractions in Madeira, the symbols of the island and the representative images of this exotic destination are represented by the two high peaks: Pico do Arieiro and Pico Ruivo.<\/p>\t\t\t\t\t\t<\/div>\n\t\t\t\t<\/div>\n\t\t\t\t<div class=\"elementor-element elementor-element-4656035 elementor-widget elementor-widget-text-editor\" data-id=\"4656035\" data-element_type=\"widget\" data-widget_type=\"text-editor.default\">\n\t\t\t\t<div class=\"elementor-widget-container\">\n\t\t\t\t\t\t\t<p>In this article I will present you all the information needed in order to reach either one of the two peaks.<\/p>\t\t\t\t\t\t<\/div>\n\t\t\t\t<\/div>\n\t\t\t\t<div class=\"elementor-element elementor-element-3a74f50 elementor-widget elementor-widget-heading\" data-id=\"3a74f50\" data-element_type=\"widget\" data-widget_type=\"heading.default\">\n\t\t\t\t<div class=\"elementor-widget-container\">\n\t\t\t<style>\/*! elementor - v3.23.0 - 15-07-2024 *\/\n.elementor-heading-title{padding:0;margin:0;line-height:1}.elementor-widget-heading .elementor-heading-title[class*=elementor-size-]>a{color:inherit;font-size:inherit;line-height:inherit}.elementor-widget-heading .elementor-heading-title.elementor-size-small{font-size:15px}.elementor-widget-heading .elementor-heading-title.elementor-size-medium{font-size:19px}.elementor-widget-heading .elementor-heading-title.elementor-size-large{font-size:29px}.elementor-widget-heading .elementor-heading-title.elementor-size-xl{font-size:39px}.elementor-widget-heading .elementor-heading-title.elementor-size-xxl{font-size:59px}<\/style><h2 class=\"elementor-heading-title elementor-size-default\">What you need to know about Madeira<\/h2>\t\t<\/div>\n\t\t\t\t<\/div>\n\t\t\t\t<div class=\"elementor-element elementor-element-7831741 elementor-widget elementor-widget-text-editor\" data-id=\"7831741\" data-element_type=\"widget\" data-widget_type=\"text-editor.default\">\n\t\t\t\t<div class=\"elementor-widget-container\">\n\t\t\t\t\t\t\t<p>Madeira is an island in the Atlantic Ocean, belonging to Portugal, at the same time being an autonomous region.<\/p>\t\t\t\t\t\t<\/div>\n\t\t\t\t<\/div>\n\t\t\t\t<div class=\"elementor-element elementor-element-3c1fc14 elementor-widget elementor-widget-text-editor\" data-id=\"3c1fc14\" data-element_type=\"widget\" data-widget_type=\"text-editor.default\">\n\t\t\t\t<div class=\"elementor-widget-container\">\n\t\t\t\t\t\t\t<p>I have prepared an article for you, with all the important information about the island: transport in Madeira, where to stay, what are the prices, etc.:\u00a0 <a href=\"https:\/\/pinandtrip.com\/en\/madeira-tot-ce-trebuie-sa-stii-inainte-sa-vizitezi-madeira-insula-eternei-primaveri\/\"><strong>Madeira - Everything you need to know before visiting Madeira, the island of eternal spring<\/strong><\/a>.<\/p>\t\t\t\t\t\t<\/div>\n\t\t\t\t<\/div>\n\t\t\t\t<div class=\"elementor-element elementor-element-d433bb5 elementor-widget elementor-widget-heading\" data-id=\"d433bb5\" data-element_type=\"widget\" data-widget_type=\"heading.default\">\n\t\t\t\t<div class=\"elementor-widget-container\">\n\t\t\t<h1 class=\"elementor-heading-title elementor-size-default\">Pico do Arieiro and Pico Ruivo<\/h1>\t\t<\/div>\n\t\t\t\t<\/div>\n\t\t\t\t<div class=\"elementor-element elementor-element-c15a1ef elementor-widget elementor-widget-heading\" data-id=\"c15a1ef\" data-element_type=\"widget\" data-widget_type=\"heading.default\">\n\t\t\t\t<div class=\"elementor-widget-container\">\n\t\t\t<h3 class=\"elementor-heading-title elementor-size-default\">1. Pico do Arieiro<\/h3>\t\t<\/div>\n\t\t\t\t<\/div>\n\t\t\t\t<div class=\"elementor-element elementor-element-869f022 elementor-widget elementor-widget-text-editor\" data-id=\"869f022\" data-element_type=\"widget\" data-widget_type=\"text-editor.default\">\n\t\t\t\t<div class=\"elementor-widget-container\">\n\t\t\t\t\t\t\t<p><strong>Pico do Arieiro<\/strong> is one of the high mountain peaks of the island, with an altitude of 1818 meters. The place is absolutely spectacular, and it is Madeira's number 1 tourist attraction!<\/p>\t\t\t\t\t\t<\/div>\n\t\t\t\t<\/div>\n\t\t\t\t<div class=\"elementor-element elementor-element-ad374d9 elementor-widget elementor-widget-image\" data-id=\"ad374d9\" data-element_type=\"widget\" data-widget_type=\"image.default\">\n\t\t\t\t<div class=\"elementor-widget-container\">\n\t\t\t<style>\/*! elementor - v3.23.0 - 15-07-2024 *\/\n.elementor-widget-image{text-align:center}.elementor-widget-image a{display:inline-block}.elementor-widget-image a img[src$=\".svg\"]{width:48px}.elementor-widget-image img{vertical-align:middle;display:inline-block}<\/style>\t\t\t\t\t\t\t\t\t\t<img fetchpriority=\"high\" decoding=\"async\" width=\"2560\" height=\"1920\" src=\"https:\/\/pinandtrip.com\/wp-content\/uploads\/2024\/08\/IMG_9893-scaled.jpg\" class=\"attachment-full size-full wp-image-6734\" alt=\"Pico do Arieiro\" srcset=\"https:\/\/pinandtrip.com\/wp-content\/uploads\/2024\/08\/IMG_9893-scaled.jpg 2560w, https:\/\/pinandtrip.com\/wp-content\/uploads\/2024\/08\/IMG_9893-1536x1152.jpg 1536w, https:\/\/pinandtrip.com\/wp-content\/uploads\/2024\/08\/IMG_9893-2048x1536.jpg 2048w, https:\/\/pinandtrip.com\/wp-content\/uploads\/2024\/08\/IMG_9893-16x12.jpg 16w, https:\/\/pinandtrip.com\/wp-content\/uploads\/2024\/08\/IMG_9893-845x634.jpg 845w, https:\/\/pinandtrip.com\/wp-content\/uploads\/2024\/08\/IMG_9893-460x345.jpg 460w\" sizes=\"(max-width: 2560px) 100vw, 2560px\" \/>\t\t\t\t\t\t\t\t\t\t\t\t\t<\/div>\n\t\t\t\t<\/div>\n\t\t\t\t<div class=\"elementor-element elementor-element-7c3b7c0 elementor-widget elementor-widget-text-editor\" data-id=\"7c3b7c0\" data-element_type=\"widget\" data-widget_type=\"text-editor.default\">\n\t\t\t\t<div class=\"elementor-widget-container\">\n\t\t\t\t\t\t\t<p>The good part is that anyone can reach Pico do Arieiro, it is accessible by car and you don't need any kind of training or physical condition to climb this peak.<\/p>\t\t\t\t\t\t<\/div>\n\t\t\t\t<\/div>\n\t\t\t\t<div class=\"elementor-element elementor-element-c69392f elementor-widget elementor-widget-text-editor\" data-id=\"c69392f\" data-element_type=\"widget\" data-widget_type=\"text-editor.default\">\n\t\t\t\t<div class=\"elementor-widget-container\">\n\t\t\t\t\t\t\t<p>There are two car parks near Pico do Ariero: the upper car park, where the parking time is limited to one hour, and which fills up quite quickly, and a car park a little further, 10 minutes' walk away, where there is no time limit . Both parking lots are free. Arriving at the base of the peak of Pico do Arieiro, you will find a restaurant, toilets and souvenir shops.<\/p>\t\t\t\t\t\t<\/div>\n\t\t\t\t<\/div>\n\t\t\t\t<div class=\"elementor-element elementor-element-b79cb7b elementor-widget elementor-widget-gallery\" data-id=\"b79cb7b\" data-element_type=\"widget\" data-settings=\"{&quot;columns&quot;:3,&quot;aspect_ratio&quot;:&quot;1:1&quot;,&quot;lazyload&quot;:&quot;yes&quot;,&quot;gallery_layout&quot;:&quot;grid&quot;,&quot;columns_tablet&quot;:2,&quot;columns_mobile&quot;:1,&quot;gap&quot;:{&quot;unit&quot;:&quot;px&quot;,&quot;size&quot;:10,&quot;sizes&quot;:[]},&quot;gap_tablet&quot;:{&quot;unit&quot;:&quot;px&quot;,&quot;size&quot;:10,&quot;sizes&quot;:[]},&quot;gap_mobile&quot;:{&quot;unit&quot;:&quot;px&quot;,&quot;size&quot;:10,&quot;sizes&quot;:[]},&quot;link_to&quot;:&quot;file&quot;,&quot;overlay_background&quot;:&quot;yes&quot;,&quot;content_hover_animation&quot;:&quot;fade-in&quot;}\" data-widget_type=\"gallery.default\">\n\t\t\t\t<div class=\"elementor-widget-container\">\n\t\t\t<style>\/*! elementor-pro - v3.19.0 - 26-02-2024 *\/\n.elementor-gallery__container{min-height:1px}.elementor-gallery-item{position:relative;overflow:hidden;display:block;text-decoration:none;border:solid var(--image-border-width) var(--image-border-color);border-radius:var(--image-border-radius)}.elementor-gallery-item__content,.elementor-gallery-item__overlay{height:100%;width:100%;position:absolute;top:0;left:0}.elementor-gallery-item__overlay{mix-blend-mode:var(--overlay-mix-blend-mode);transition-duration:var(--overlay-transition-duration);transition-property:mix-blend-mode,transform,opacity,background-color}.elementor-gallery-item__image.e-gallery-image{transition-duration:var(--image-transition-duration);transition-property:filter,transform}.elementor-gallery-item__content{display:flex;flex-direction:column;justify-content:var(--content-justify-content,center);align-items:center;text-align:var(--content-text-align);padding:var(--content-padding)}.elementor-gallery-item__content>div{transition-duration:var(--content-transition-duration)}.elementor-gallery-item__content.elementor-gallery--sequenced-animation>div:nth-child(2){transition-delay:calc(var(--content-transition-delay) \/ 3)}.elementor-gallery-item__content.elementor-gallery--sequenced-animation>div:nth-child(3){transition-delay:calc(var(--content-transition-delay) \/ 3 * 2)}.elementor-gallery-item__content.elementor-gallery--sequenced-animation>div:nth-child(4){transition-delay:calc(var(--content-transition-delay) \/ 3 * 3)}.elementor-gallery-item__description{color:var(--description-text-color,#fff);width:100%}.elementor-gallery-item__title{color:var(--title-text-color,#fff);font-weight:700;width:100%}.elementor-gallery__titles-container{display:flex;flex-wrap:wrap;justify-content:var(--titles-container-justify-content,center);margin-bottom:20px}.elementor-gallery__titles-container:not(.e--pointer-framed) .elementor-item:after,.elementor-gallery__titles-container:not(.e--pointer-framed) .elementor-item:before{background-color:var(--galleries-pointer-bg-color-hover)}.elementor-gallery__titles-container:not(.e--pointer-framed) .elementor-item.elementor-item-active:after,.elementor-gallery__titles-container:not(.e--pointer-framed) .elementor-item.elementor-item-active:before{background-color:var(--galleries-pointer-bg-color-active)}.elementor-gallery__titles-container.e--pointer-framed .elementor-item:before{border-color:var(--galleries-pointer-bg-color-hover);border-width:var(--galleries-pointer-border-width)}.elementor-gallery__titles-container.e--pointer-framed .elementor-item:after{border-color:var(--galleries-pointer-bg-color-hover)}.elementor-gallery__titles-container.e--pointer-framed .elementor-item.elementor-item-active:after,.elementor-gallery__titles-container.e--pointer-framed .elementor-item.elementor-item-active:before{border-color:var(--galleries-pointer-bg-color-active)}.elementor-gallery__titles-container.e--pointer-framed.e--animation-draw .elementor-item:before{border-left-width:var(--galleries-pointer-border-width);border-bottom-width:var(--galleries-pointer-border-width);border-right-width:0;border-top-width:0}.elementor-gallery__titles-container.e--pointer-framed.e--animation-draw .elementor-item:after{border-left-width:0;border-bottom-width:0;border-right-width:var(--galleries-pointer-border-width);border-top-width:var(--galleries-pointer-border-width)}.elementor-gallery__titles-container.e--pointer-framed.e--animation-corners .elementor-item:before{border-left-width:var(--galleries-pointer-border-width);border-bottom-width:0;border-right-width:0;border-top-width:var(--galleries-pointer-border-width)}.elementor-gallery__titles-container.e--pointer-framed.e--animation-corners .elementor-item:after{border-left-width:0;border-bottom-width:var(--galleries-pointer-border-width);border-right-width:var(--galleries-pointer-border-width);border-top-width:0}.elementor-gallery__titles-container .e--pointer-double-line .elementor-item:after,.elementor-gallery__titles-container .e--pointer-double-line .elementor-item:before,.elementor-gallery__titles-container .e--pointer-overline .elementor-item:before,.elementor-gallery__titles-container .e--pointer-underline .elementor-item:after{height:var(--galleries-pointer-border-width)}.elementor-gallery-title{--space-between:10px;cursor:pointer;color:#6d7882;font-weight:500;position:relative;padding:7px 14px;transition:all .3s}.elementor-gallery-title--active{color:#495157}.elementor-gallery-title:not(:last-child){margin-right:var(--space-between)}.elementor-gallery-item__title+.elementor-gallery-item__description{margin-top:var(--description-margin-top)}.e-gallery-item.elementor-gallery-item{transition-property:all}.e-gallery-item.elementor-animated-content .elementor-animated-item--enter-from-bottom,.e-gallery-item.elementor-animated-content .elementor-animated-item--enter-from-left,.e-gallery-item.elementor-animated-content .elementor-animated-item--enter-from-right,.e-gallery-item.elementor-animated-content .elementor-animated-item--enter-from-top,.e-gallery-item:focus .elementor-gallery__item-overlay-bg,.e-gallery-item:focus .elementor-gallery__item-overlay-content,.e-gallery-item:focus .elementor-gallery__item-overlay-content__description,.e-gallery-item:focus .elementor-gallery__item-overlay-content__title,.e-gallery-item:hover .elementor-gallery__item-overlay-bg,.e-gallery-item:hover .elementor-gallery__item-overlay-content,.e-gallery-item:hover .elementor-gallery__item-overlay-content__description,.e-gallery-item:hover .elementor-gallery__item-overlay-content__title{opacity:1}a.elementor-item.elementor-gallery-title{color:var(--galleries-title-color-normal)}a.elementor-item.elementor-gallery-title.elementor-item-active,a.elementor-item.elementor-gallery-title.highlighted,a.elementor-item.elementor-gallery-title:focus,a.elementor-item.elementor-gallery-title:hover{color:var(--galleries-title-color-hover)}a.elementor-item.elementor-gallery-title.elementor-item-active{color:var(--gallery-title-color-active)}.e-con-inner>.elementor-widget-gallery,.e-con>.elementor-widget-gallery{width:var(--container-widget-width);--flex-grow:var(--container-widget-flex-grow)}<\/style>\t\t<div class=\"elementor-gallery__container\">\n\t\t\t\t\t\t\t<a class=\"e-gallery-item elementor-gallery-item elementor-animated-content\" href=\"https:\/\/pinandtrip.com\/wp-content\/uploads\/2024\/08\/IMG_1599-scaled.jpg\" data-elementor-open-lightbox=\"yes\" data-elementor-lightbox-slideshow=\"b79cb7b\" data-elementor-lightbox-title=\"Pico do Arieiro\" data-elementor-lightbox-description=\"Pico do Arieiro\" data-e-action-hash=\"#elementor-action%3Aaction%3Dlightbox%26settings%3DeyJpZCI6Njc0MCwidXJsIjoiaHR0cHM6XC9cL3BpbmFuZHRyaXAuY29tXC93cC1jb250ZW50XC91cGxvYWRzXC8yMDI0XC8wOFwvSU1HXzE1OTktc2NhbGVkLmpwZyIsInNsaWRlc2hvdyI6ImI3OWNiN2IifQ%3D%3D\">\n\t\t\t\t\t<div class=\"e-gallery-image elementor-gallery-item__image\" data-thumbnail=\"https:\/\/pinandtrip.com\/wp-content\/uploads\/2024\/08\/IMG_1599-scaled.jpg\" data-width=\"1920\" data-height=\"2560\" aria-label=\"Pico do Arieiro\" role=\"img\" ><\/div>\n\t\t\t\t\t\t\t\t\t\t\t<div class=\"elementor-gallery-item__overlay\"><\/div>\n\t\t\t\t\t\t\t\t\t\t\t\t\t\t<\/a>\n\t\t\t\t\t\t\t<a class=\"e-gallery-item elementor-gallery-item elementor-animated-content\" href=\"https:\/\/pinandtrip.com\/wp-content\/uploads\/2024\/08\/IMG_9830-scaled.jpg\" data-elementor-open-lightbox=\"yes\" data-elementor-lightbox-slideshow=\"b79cb7b\" data-elementor-lightbox-title=\"Pico do Arieiro\" data-elementor-lightbox-description=\"Pico do Arieiro\" data-e-action-hash=\"#elementor-action%3Aaction%3Dlightbox%26settings%3DeyJpZCI6NjczMiwidXJsIjoiaHR0cHM6XC9cL3BpbmFuZHRyaXAuY29tXC93cC1jb250ZW50XC91cGxvYWRzXC8yMDI0XC8wOFwvSU1HXzk4MzAtc2NhbGVkLmpwZyIsInNsaWRlc2hvdyI6ImI3OWNiN2IifQ%3D%3D\">\n\t\t\t\t\t<div class=\"e-gallery-image elementor-gallery-item__image\" data-thumbnail=\"https:\/\/pinandtrip.com\/wp-content\/uploads\/2024\/08\/IMG_9830-scaled.jpg\" data-width=\"1920\" data-height=\"2560\" aria-label=\"Pico do Arieiro\" role=\"img\" ><\/div>\n\t\t\t\t\t\t\t\t\t\t\t<div class=\"elementor-gallery-item__overlay\"><\/div>\n\t\t\t\t\t\t\t\t\t\t\t\t\t\t<\/a>\n\t\t\t\t\t\t\t<a class=\"e-gallery-item elementor-gallery-item elementor-animated-content\" href=\"https:\/\/pinandtrip.com\/wp-content\/uploads\/2024\/08\/IMG_9824-scaled.jpg\" data-elementor-open-lightbox=\"yes\" data-elementor-lightbox-slideshow=\"b79cb7b\" data-elementor-lightbox-title=\"Pico do Arieiro\" data-elementor-lightbox-description=\"Pico do Arieiro\" data-e-action-hash=\"#elementor-action%3Aaction%3Dlightbox%26settings%3DeyJpZCI6NjczMSwidXJsIjoiaHR0cHM6XC9cL3BpbmFuZHRyaXAuY29tXC93cC1jb250ZW50XC91cGxvYWRzXC8yMDI0XC8wOFwvSU1HXzk4MjQtc2NhbGVkLmpwZyIsInNsaWRlc2hvdyI6ImI3OWNiN2IifQ%3D%3D\">\n\t\t\t\t\t<div class=\"e-gallery-image elementor-gallery-item__image\" data-thumbnail=\"https:\/\/pinandtrip.com\/wp-content\/uploads\/2024\/08\/IMG_9824-scaled.jpg\" data-width=\"1920\" data-height=\"2560\" aria-label=\"Pico do Arieiro\" role=\"img\" ><\/div>\n\t\t\t\t\t\t\t\t\t\t\t<div class=\"elementor-gallery-item__overlay\"><\/div>\n\t\t\t\t\t\t\t\t\t\t\t\t\t\t<\/a>\n\t\t\t\t\t<\/div>\n\t\t\t<\/div>\n\t\t\t\t<\/div>\n\t\t\t\t<div class=\"elementor-element elementor-element-22287c8 elementor-widget elementor-widget-text-editor\" data-id=\"22287c8\" data-element_type=\"widget\" data-widget_type=\"text-editor.default\">\n\t\t\t\t<div class=\"elementor-widget-container\">\n\t\t\t\t\t\t\t<p><em>What makes Pico do Ariero so special?<\/em> The feeling you get when you are there, high up, above everything, with that spectacular panorama of the mountain ridges and the Atlantic Ocean. And if you are lucky with a blanket of clouds, then the landscape is even more dramatic!<\/p>\t\t\t\t\t\t<\/div>\n\t\t\t\t<\/div>\n\t\t\t\t<div class=\"elementor-element elementor-element-a5e8fef elementor-widget elementor-widget-heading\" data-id=\"a5e8fef\" data-element_type=\"widget\" data-widget_type=\"heading.default\">\n\t\t\t\t<div class=\"elementor-widget-container\">\n\t\t\t<h5 class=\"elementor-heading-title elementor-size-default\">Tips when visiting Pico do Arieiro<\/h5>\t\t<\/div>\n\t\t\t\t<\/div>\n\t\t\t\t<div class=\"elementor-element elementor-element-3f03581 elementor-widget elementor-widget-text-editor\" data-id=\"3f03581\" data-element_type=\"widget\" data-widget_type=\"text-editor.default\">\n\t\t\t\t<div class=\"elementor-widget-container\">\n\t\t\t\t\t\t\t<ul><li>Plan to climb Pico do Arieiro from the very first day! The weather is very changeable in Madeira, and the peaks, mainly, are often covered with clouds, when you have no visibility at all because of the fog.<\/li><\/ul>\t\t\t\t\t\t<\/div>\n\t\t\t\t<\/div>\n\t\t\t\t<div class=\"elementor-element elementor-element-a1413ac elementor-widget elementor-widget-image\" data-id=\"a1413ac\" data-element_type=\"widget\" data-widget_type=\"image.default\">\n\t\t\t\t<div class=\"elementor-widget-container\">\n\t\t\t\t\t\t\t\t\t\t<figure class=\"wp-caption\">\n\t\t\t\t\t\t\t\t\t\t<img decoding=\"async\" width=\"1920\" height=\"2560\" src=\"https:\/\/pinandtrip.com\/wp-content\/uploads\/2024\/08\/IMG_9897-scaled.jpg\" class=\"attachment-full size-full wp-image-6735\" alt=\"Pico do Arieiro\" srcset=\"https:\/\/pinandtrip.com\/wp-content\/uploads\/2024\/08\/IMG_9897-scaled.jpg 1920w, https:\/\/pinandtrip.com\/wp-content\/uploads\/2024\/08\/IMG_9897-1152x1536.jpg 1152w, https:\/\/pinandtrip.com\/wp-content\/uploads\/2024\/08\/IMG_9897-1536x2048.jpg 1536w, https:\/\/pinandtrip.com\/wp-content\/uploads\/2024\/08\/IMG_9897-9x12.jpg 9w, https:\/\/pinandtrip.com\/wp-content\/uploads\/2024\/08\/IMG_9897-845x1127.jpg 845w, https:\/\/pinandtrip.com\/wp-content\/uploads\/2024\/08\/IMG_9897-460x613.jpg 460w\" sizes=\"(max-width: 1920px) 100vw, 1920px\" \/>\t\t\t\t\t\t\t\t\t\t\t<figcaption class=\"widget-image-caption wp-caption-text\">Fog on Pico do Arieiro<\/figcaption>\n\t\t\t\t\t\t\t\t\t\t<\/figure>\n\t\t\t\t\t\t\t<\/div>\n\t\t\t\t<\/div>\n\t\t\t\t<div class=\"elementor-element elementor-element-55039b2 elementor-widget elementor-widget-text-editor\" data-id=\"55039b2\" data-element_type=\"widget\" data-widget_type=\"text-editor.default\">\n\t\t\t\t<div class=\"elementor-widget-container\">\n\t\t\t\t\t\t\t<ul><li>Wait for the day with the right weather to climb to the top!<\/li><\/ul>\t\t\t\t\t\t<\/div>\n\t\t\t\t<\/div>\n\t\t\t\t<div class=\"elementor-element elementor-element-23af5fc elementor-widget elementor-widget-text-editor\" data-id=\"23af5fc\" data-element_type=\"widget\" data-widget_type=\"text-editor.default\">\n\t\t\t\t<div class=\"elementor-widget-container\">\n\t\t\t\t\t\t\t<ul><li>Always check the weather forecast for Pico do Arieiro before you start for the summit, on a live webcam. (example: <a href=\"https:\/\/www.madeira-web.com\/de\/webcams.html\">https:\/\/www.madeira-web.com\/de\/webcams.html<\/a>).<\/li><\/ul>\t\t\t\t\t\t<\/div>\n\t\t\t\t<\/div>\n\t\t\t\t<div class=\"elementor-element elementor-element-f836557 elementor-widget elementor-widget-text-editor\" data-id=\"f836557\" data-element_type=\"widget\" data-widget_type=\"text-editor.default\">\n\t\t\t\t<div class=\"elementor-widget-container\">\n\t\t\t\t\t\t\t<ul><li>For a complete experience, don't miss the sunset or sunrise here!<\/li><\/ul>\t\t\t\t\t\t<\/div>\n\t\t\t\t<\/div>\n\t\t\t\t<div class=\"elementor-element elementor-element-3d3d5a1 elementor-widget elementor-widget-image\" data-id=\"3d3d5a1\" data-element_type=\"widget\" data-widget_type=\"image.default\">\n\t\t\t\t<div class=\"elementor-widget-container\">\n\t\t\t\t\t\t\t\t\t\t<figure class=\"wp-caption\">\n\t\t\t\t\t\t\t\t\t\t<img decoding=\"async\" width=\"2560\" height=\"1920\" src=\"https:\/\/pinandtrip.com\/wp-content\/uploads\/2024\/08\/IMG_0132-scaled.jpg\" class=\"attachment-full size-full wp-image-6727\" alt=\"Pico Ruivo\" srcset=\"https:\/\/pinandtrip.com\/wp-content\/uploads\/2024\/08\/IMG_0132-scaled.jpg 2560w, https:\/\/pinandtrip.com\/wp-content\/uploads\/2024\/08\/IMG_0132-1536x1152.jpg 1536w, https:\/\/pinandtrip.com\/wp-content\/uploads\/2024\/08\/IMG_0132-2048x1536.jpg 2048w, https:\/\/pinandtrip.com\/wp-content\/uploads\/2024\/08\/IMG_0132-16x12.jpg 16w, https:\/\/pinandtrip.com\/wp-content\/uploads\/2024\/08\/IMG_0132-845x634.jpg 845w, https:\/\/pinandtrip.com\/wp-content\/uploads\/2024\/08\/IMG_0132-460x345.jpg 460w\" sizes=\"(max-width: 2560px) 100vw, 2560px\" \/>\t\t\t\t\t\t\t\t\t\t\t<figcaption class=\"widget-image-caption wp-caption-text\">Sunset on Pico Ruivo<\/figcaption>\n\t\t\t\t\t\t\t\t\t\t<\/figure>\n\t\t\t\t\t\t\t<\/div>\n\t\t\t\t<\/div>\n\t\t\t\t<div class=\"elementor-element elementor-element-4752615 elementor-widget elementor-widget-text-editor\" data-id=\"4752615\" data-element_type=\"widget\" data-widget_type=\"text-editor.default\">\n\t\t\t\t<div class=\"elementor-widget-container\">\n\t\t\t\t\t\t\t<ul><li>If you don't have your own car, take a guided tour, such as this one: <strong><a href=\"https:\/\/www.getyourguide.com\/madeira-l67\/from-funchal-hiking-pico-do-areeiro-to-achada-do-teixeira-t413782\">Funchal: Sunrise Hike from Pico do Arieiro to Pico Ruivo<\/a><\/strong>.<\/li><\/ul>\t\t\t\t\t\t<\/div>\n\t\t\t\t<\/div>\n\t\t\t\t<div class=\"elementor-element elementor-element-ccb57f0 elementor-widget elementor-widget-image\" data-id=\"ccb57f0\" data-element_type=\"widget\" data-widget_type=\"image.default\">\n\t\t\t\t<div class=\"elementor-widget-container\">\n\t\t\t\t\t\t\t\t\t\t\t\t\t<img loading=\"lazy\" decoding=\"async\" width=\"1920\" height=\"2560\" src=\"https:\/\/pinandtrip.com\/wp-content\/uploads\/2024\/08\/IMG_9866-scaled.jpg\" class=\"attachment-full size-full wp-image-6733\" alt=\"PR 1 Pico do Arieiro - Pico Ruivo\" srcset=\"https:\/\/pinandtrip.com\/wp-content\/uploads\/2024\/08\/IMG_9866-scaled.jpg 1920w, https:\/\/pinandtrip.com\/wp-content\/uploads\/2024\/08\/IMG_9866-1152x1536.jpg 1152w, https:\/\/pinandtrip.com\/wp-content\/uploads\/2024\/08\/IMG_9866-1536x2048.jpg 1536w, https:\/\/pinandtrip.com\/wp-content\/uploads\/2024\/08\/IMG_9866-9x12.jpg 9w, https:\/\/pinandtrip.com\/wp-content\/uploads\/2024\/08\/IMG_9866-845x1127.jpg 845w, https:\/\/pinandtrip.com\/wp-content\/uploads\/2024\/08\/IMG_9866-460x613.jpg 460w\" sizes=\"(max-width: 1920px) 100vw, 1920px\" \/>\t\t\t\t\t\t\t\t\t\t\t\t\t<\/div>\n\t\t\t\t<\/div>\n\t\t\t\t<div class=\"elementor-element elementor-element-e950e3f elementor-widget elementor-widget-heading\" data-id=\"e950e3f\" data-element_type=\"widget\" data-widget_type=\"heading.default\">\n\t\t\t\t<div class=\"elementor-widget-container\">\n\t\t\t<h3 class=\"elementor-heading-title elementor-size-default\">2.\tPico Ruivo<\/h3>\t\t<\/div>\n\t\t\t\t<\/div>\n\t\t\t\t<div class=\"elementor-element elementor-element-4c65715 elementor-widget elementor-widget-text-editor\" data-id=\"4c65715\" data-element_type=\"widget\" data-widget_type=\"text-editor.default\">\n\t\t\t\t<div class=\"elementor-widget-container\">\n\t\t\t\t\t\t\t<p><strong>Pico Ruivo<\/strong> is the highest peak in Madeira, with an altitude of 1862 meters. Together with Pico do Ariero, the two peaks represent the essence of Madeira, they are the main symbols of the island and the images you will see everywhere on the internet, when you search for the word \"Madeira\".<\/p>\t\t\t\t\t\t<\/div>\n\t\t\t\t<\/div>\n\t\t\t\t<div class=\"elementor-element elementor-element-a803f9c elementor-widget elementor-widget-image\" data-id=\"a803f9c\" data-element_type=\"widget\" data-widget_type=\"image.default\">\n\t\t\t\t<div class=\"elementor-widget-container\">\n\t\t\t\t\t\t\t\t\t\t\t\t\t<img loading=\"lazy\" decoding=\"async\" width=\"1920\" height=\"2560\" src=\"https:\/\/pinandtrip.com\/wp-content\/uploads\/2024\/08\/IMG_0147-scaled.jpeg\" class=\"attachment-full size-full wp-image-6712\" alt=\"Sunset on Pico Ruivo\" srcset=\"https:\/\/pinandtrip.com\/wp-content\/uploads\/2024\/08\/IMG_0147-scaled.jpeg 1920w, https:\/\/pinandtrip.com\/wp-content\/uploads\/2024\/08\/IMG_0147-1152x1536.jpeg 1152w, https:\/\/pinandtrip.com\/wp-content\/uploads\/2024\/08\/IMG_0147-1536x2048.jpeg 1536w, https:\/\/pinandtrip.com\/wp-content\/uploads\/2024\/08\/IMG_0147-9x12.jpeg 9w, https:\/\/pinandtrip.com\/wp-content\/uploads\/2024\/08\/IMG_0147-845x1127.jpeg 845w, https:\/\/pinandtrip.com\/wp-content\/uploads\/2024\/08\/IMG_0147-460x613.jpeg 460w\" sizes=\"(max-width: 1920px) 100vw, 1920px\" \/>\t\t\t\t\t\t\t\t\t\t\t\t\t<\/div>\n\t\t\t\t<\/div>\n\t\t\t\t<div class=\"elementor-element elementor-element-49b31eb elementor-widget elementor-widget-text-editor\" data-id=\"49b31eb\" data-element_type=\"widget\" data-widget_type=\"text-editor.default\">\n\t\t\t\t<div class=\"elementor-widget-container\">\n\t\t\t\t\t\t\t<p>Just like on Pico do Ariero, the view captured here is fascinating! The only difference is that Pico Ruivo is not as accessible as Pico do Arieiro and you cannot reach it directly by car. To climb to the top you need to do a hike, either from the parking lot at Achada do Teixeira (PR 1.2), or directly from Pico do Arieiro (PR1). But let's talk about these hikes:<\/p>\t\t\t\t\t\t<\/div>\n\t\t\t\t<\/div>\n\t\t\t\t<div class=\"elementor-element elementor-element-594237e elementor-widget elementor-widget-heading\" data-id=\"594237e\" data-element_type=\"widget\" data-widget_type=\"heading.default\">\n\t\t\t\t<div class=\"elementor-widget-container\">\n\t\t\t<h3 class=\"elementor-heading-title elementor-size-default\">a.\tPR 1 Vereda do Areeiro<\/h3>\t\t<\/div>\n\t\t\t\t<\/div>\n\t\t\t\t<div class=\"elementor-element elementor-element-549731c elementor-widget elementor-widget-text-editor\" data-id=\"549731c\" data-element_type=\"widget\" data-widget_type=\"text-editor.default\">\n\t\t\t\t<div class=\"elementor-widget-container\">\n\t\t\t\t\t\t\t<p><strong>PR 1 Vereda do Areeiro<\/strong> is the most famous hiking trail in Madeira, connecting Pico do Arieiro with Pico Ruivo. The route has a length of approximately 7 km each way, and is considered of medium to high difficulty.<\/p>\t\t\t\t\t\t<\/div>\n\t\t\t\t<\/div>\n\t\t\t\t<div class=\"elementor-element elementor-element-0fff7fe elementor-widget elementor-widget-image\" data-id=\"0fff7fe\" data-element_type=\"widget\" data-widget_type=\"image.default\">\n\t\t\t\t<div class=\"elementor-widget-container\">\n\t\t\t\t\t\t\t\t\t\t\t\t\t<img loading=\"lazy\" decoding=\"async\" width=\"1920\" height=\"2560\" src=\"https:\/\/pinandtrip.com\/wp-content\/uploads\/2024\/08\/IMG_1588-scaled.jpg\" class=\"attachment-full size-full wp-image-6737\" alt=\"PR 1 Pico do Arieiro - Pico Ruivo\" srcset=\"https:\/\/pinandtrip.com\/wp-content\/uploads\/2024\/08\/IMG_1588-scaled.jpg 1920w, https:\/\/pinandtrip.com\/wp-content\/uploads\/2024\/08\/IMG_1588-1152x1536.jpg 1152w, https:\/\/pinandtrip.com\/wp-content\/uploads\/2024\/08\/IMG_1588-1536x2048.jpg 1536w, https:\/\/pinandtrip.com\/wp-content\/uploads\/2024\/08\/IMG_1588-9x12.jpg 9w, https:\/\/pinandtrip.com\/wp-content\/uploads\/2024\/08\/IMG_1588-845x1127.jpg 845w, https:\/\/pinandtrip.com\/wp-content\/uploads\/2024\/08\/IMG_1588-460x613.jpg 460w\" sizes=\"(max-width: 1920px) 100vw, 1920px\" \/>\t\t\t\t\t\t\t\t\t\t\t\t\t<\/div>\n\t\t\t\t<\/div>\n\t\t\t\t<div class=\"elementor-element elementor-element-3897334 elementor-widget elementor-widget-text-editor\" data-id=\"3897334\" data-element_type=\"widget\" data-widget_type=\"text-editor.default\">\n\t\t\t\t<div class=\"elementor-widget-container\">\n\t\t\t\t\t\t\t<p>The route requires a good physical condition, due to the level differences, and is not recommended to people with a fear of heights.<\/p>\t\t\t\t\t\t<\/div>\n\t\t\t\t<\/div>\n\t\t\t\t<div class=\"elementor-element elementor-element-3f663eb elementor-widget elementor-widget-text-editor\" data-id=\"3f663eb\" data-element_type=\"widget\" data-widget_type=\"text-editor.default\">\n\t\t\t\t<div class=\"elementor-widget-container\">\n\t\t\t\t\t\t\t<p>Otherwise, the route is very well marked, the landscapes are just amazing, and the experience of doing this hike is definitely unique!<\/p>\t\t\t\t\t\t<\/div>\n\t\t\t\t<\/div>\n\t\t\t\t<div class=\"elementor-element elementor-element-c7b26ab elementor-widget elementor-widget-sayville-quote\" data-id=\"c7b26ab\" data-element_type=\"widget\" data-widget_type=\"sayville-quote.default\">\n\t\t\t\t<div class=\"elementor-widget-container\">\n\t\t\t<blockquote class=\"wp-block-quote style2 textcenter\"><p class=\"text\">Plan your route ahead of time, depending on the means of transport you chose to get there.<\/p><\/blockquote>\t\t<\/div>\n\t\t\t\t<\/div>\n\t\t\t\t<div class=\"elementor-element elementor-element-c2ca1af elementor-widget elementor-widget-image\" data-id=\"c2ca1af\" data-element_type=\"widget\" data-widget_type=\"image.default\">\n\t\t\t\t<div class=\"elementor-widget-container\">\n\t\t\t\t\t\t\t\t\t\t\t\t\t<img loading=\"lazy\" decoding=\"async\" width=\"1920\" height=\"2560\" src=\"https:\/\/pinandtrip.com\/wp-content\/uploads\/2024\/08\/IMG_1581-scaled.jpg\" class=\"attachment-full size-full wp-image-6736\" alt=\"PR 1 Pico do Arieiro - Pico Ruivo\" srcset=\"https:\/\/pinandtrip.com\/wp-content\/uploads\/2024\/08\/IMG_1581-scaled.jpg 1920w, https:\/\/pinandtrip.com\/wp-content\/uploads\/2024\/08\/IMG_1581-1152x1536.jpg 1152w, https:\/\/pinandtrip.com\/wp-content\/uploads\/2024\/08\/IMG_1581-1536x2048.jpg 1536w, https:\/\/pinandtrip.com\/wp-content\/uploads\/2024\/08\/IMG_1581-9x12.jpg 9w, https:\/\/pinandtrip.com\/wp-content\/uploads\/2024\/08\/IMG_1581-845x1127.jpg 845w, https:\/\/pinandtrip.com\/wp-content\/uploads\/2024\/08\/IMG_1581-460x613.jpg 460w\" sizes=\"(max-width: 1920px) 100vw, 1920px\" \/>\t\t\t\t\t\t\t\t\t\t\t\t\t<\/div>\n\t\t\t\t<\/div>\n\t\t\t\t<div class=\"elementor-element elementor-element-3cfab1e elementor-widget elementor-widget-text-editor\" data-id=\"3cfab1e\" data-element_type=\"widget\" data-widget_type=\"text-editor.default\">\n\t\t\t\t<div class=\"elementor-widget-container\">\n\t\t\t\t\t\t\t<p>For example, if you come with a rented car, you have two options:<\/p>\t\t\t\t\t\t<\/div>\n\t\t\t\t<\/div>\n\t\t\t\t<div class=\"elementor-element elementor-element-e5d9fba elementor-widget elementor-widget-text-editor\" data-id=\"e5d9fba\" data-element_type=\"widget\" data-widget_type=\"text-editor.default\">\n\t\t\t\t<div class=\"elementor-widget-container\">\n\t\t\t\t\t\t\t<ul><li>Park at Pico do Arieiro, take the PR 1 route to Pico Ruivo, and then either go on the same 7 km route back to the car (14 km hike in total),<\/li><li>or go down another 3 km from Pico Ruivo on PR 1.2 to the Achada do Teixeira parking lot, from where you can order a Bolt to take you back to the car. But be aware that the drive from Achada do Teixeira parking lot to Pico do Arieiro takes about an hour (40 km).<\/li><\/ul>\t\t\t\t\t\t<\/div>\n\t\t\t\t<\/div>\n\t\t\t\t<div class=\"elementor-element elementor-element-4623801 elementor-widget elementor-widget-sayville-quote\" data-id=\"4623801\" data-element_type=\"widget\" data-widget_type=\"sayville-quote.default\">\n\t\t\t\t<div class=\"elementor-widget-container\">\n\t\t\t<blockquote class=\"wp-block-quote style2 textcenter\"><p class=\"text\">If you join a group day trip, the car will leave you at Pico do Arieiro early in the morning, and in the evening it will pick you up from the Achada do Teixeira parking lot, after you have crossed the trails PR 1 (Pico do Arieiro \u2013 Pico Ruivo 7 km) and PR 1.2 (Pico Ruivo - Achada do Teixeira 3 km) \u2013 10 km in total. <\/p><\/blockquote>\t\t<\/div>\n\t\t\t\t<\/div>\n\t\t\t\t<div class=\"elementor-element elementor-element-745f972 elementor-widget elementor-widget-text-editor\" data-id=\"745f972\" data-element_type=\"widget\" data-widget_type=\"text-editor.default\">\n\t\t\t\t<div class=\"elementor-widget-container\">\n\t\t\t\t\t\t\t<p>One such day trip would be this:<strong><a href=\"https:\/\/www.getyourguide.com\/madeira-l67\/from-funchal-hiking-pico-do-areeiro-to-achada-do-teixeira-t413782\"> Funchal: Sunrise Hike from Pico do Arieiro to Pico Ruivo<\/a><\/strong>.<\/p>\t\t\t\t\t\t<\/div>\n\t\t\t\t<\/div>\n\t\t\t\t<div class=\"elementor-element elementor-element-92fa3f1 elementor-widget elementor-widget-image\" data-id=\"92fa3f1\" data-element_type=\"widget\" data-widget_type=\"image.default\">\n\t\t\t\t<div class=\"elementor-widget-container\">\n\t\t\t\t\t\t\t\t\t\t\t\t\t<img loading=\"lazy\" decoding=\"async\" width=\"1920\" height=\"2560\" src=\"https:\/\/pinandtrip.com\/wp-content\/uploads\/2024\/08\/IMG_1591-scaled.jpg\" class=\"attachment-full size-full wp-image-6738\" alt=\"PR 1 Pico do Arieiro - Pico Ruivo\" srcset=\"https:\/\/pinandtrip.com\/wp-content\/uploads\/2024\/08\/IMG_1591-scaled.jpg 1920w, https:\/\/pinandtrip.com\/wp-content\/uploads\/2024\/08\/IMG_1591-1152x1536.jpg 1152w, https:\/\/pinandtrip.com\/wp-content\/uploads\/2024\/08\/IMG_1591-1536x2048.jpg 1536w, https:\/\/pinandtrip.com\/wp-content\/uploads\/2024\/08\/IMG_1591-9x12.jpg 9w, https:\/\/pinandtrip.com\/wp-content\/uploads\/2024\/08\/IMG_1591-845x1127.jpg 845w, https:\/\/pinandtrip.com\/wp-content\/uploads\/2024\/08\/IMG_1591-460x613.jpg 460w\" sizes=\"(max-width: 1920px) 100vw, 1920px\" \/>\t\t\t\t\t\t\t\t\t\t\t\t\t<\/div>\n\t\t\t\t<\/div>\n\t\t\t\t<div class=\"elementor-element elementor-element-ab9615a elementor-widget elementor-widget-heading\" data-id=\"ab9615a\" data-element_type=\"widget\" data-widget_type=\"heading.default\">\n\t\t\t\t<div class=\"elementor-widget-container\">\n\t\t\t<h3 class=\"elementor-heading-title elementor-size-default\">b.\tPR 1.2 Vereda do Pico Ruivo<\/h3>\t\t<\/div>\n\t\t\t\t<\/div>\n\t\t\t\t<div class=\"elementor-element elementor-element-5aca9a1 elementor-widget elementor-widget-text-editor\" data-id=\"5aca9a1\" data-element_type=\"widget\" data-widget_type=\"text-editor.default\">\n\t\t\t\t<div class=\"elementor-widget-container\">\n\t\t\t\t\t\t\t<p>Another possibility to reach Pico Ruivo, less physically demanding than PR 1 Vereda do Areeiro and more comfortable for those traveling with a rented car, is on the <strong>PR 1.2 Vereda do Pico Ruivo<\/strong>.<\/p>\t\t\t\t\t\t<\/div>\n\t\t\t\t<\/div>\n\t\t\t\t<div class=\"elementor-element elementor-element-e17c5e2 elementor-widget elementor-widget-image\" data-id=\"e17c5e2\" data-element_type=\"widget\" data-widget_type=\"image.default\">\n\t\t\t\t<div class=\"elementor-widget-container\">\n\t\t\t\t\t\t\t\t\t\t\t\t\t<img loading=\"lazy\" decoding=\"async\" width=\"1920\" height=\"2560\" src=\"https:\/\/pinandtrip.com\/wp-content\/uploads\/2024\/08\/IMG_0076-scaled.jpg\" class=\"attachment-full size-full wp-image-6725\" alt=\"PR 1.2 Pico Ruivo\" srcset=\"https:\/\/pinandtrip.com\/wp-content\/uploads\/2024\/08\/IMG_0076-scaled.jpg 1920w, https:\/\/pinandtrip.com\/wp-content\/uploads\/2024\/08\/IMG_0076-1152x1536.jpg 1152w, https:\/\/pinandtrip.com\/wp-content\/uploads\/2024\/08\/IMG_0076-1536x2048.jpg 1536w, https:\/\/pinandtrip.com\/wp-content\/uploads\/2024\/08\/IMG_0076-9x12.jpg 9w, https:\/\/pinandtrip.com\/wp-content\/uploads\/2024\/08\/IMG_0076-845x1127.jpg 845w, https:\/\/pinandtrip.com\/wp-content\/uploads\/2024\/08\/IMG_0076-460x613.jpg 460w\" sizes=\"(max-width: 1920px) 100vw, 1920px\" \/>\t\t\t\t\t\t\t\t\t\t\t\t\t<\/div>\n\t\t\t\t<\/div>\n\t\t\t\t<div class=\"elementor-element elementor-element-64dc0e6 elementor-widget elementor-widget-text-editor\" data-id=\"64dc0e6\" data-element_type=\"widget\" data-widget_type=\"text-editor.default\">\n\t\t\t\t<div class=\"elementor-widget-container\">\n\t\t\t\t\t\t\t<p>The route starts from the Achada do Teixeira parking lot and is approximately 3 km long. The climb takes between an hour and an hour and a half, the route is of medium difficulty, but it is very well organized and very spectacular!<\/p>\t\t\t\t\t\t<\/div>\n\t\t\t\t<\/div>\n\t\t\t\t<div class=\"elementor-element elementor-element-0fe622f elementor-widget elementor-widget-text-editor\" data-id=\"0fe622f\" data-element_type=\"widget\" data-widget_type=\"text-editor.default\">\n\t\t\t\t<div class=\"elementor-widget-container\">\n\t\t\t\t\t\t\t<p>It is a hike that even those without an enviable physical condition can do, and I recommend you not to miss it! With breaks along the way and walking at your own pace, it is not an impossible route, and the satisfaction of reaching the top will be worth every effort!<\/p>\t\t\t\t\t\t<\/div>\n\t\t\t\t<\/div>\n\t\t\t\t<div class=\"elementor-element elementor-element-543890b elementor-widget elementor-widget-gallery\" data-id=\"543890b\" data-element_type=\"widget\" data-settings=\"{&quot;columns&quot;:3,&quot;aspect_ratio&quot;:&quot;1:1&quot;,&quot;lazyload&quot;:&quot;yes&quot;,&quot;gallery_layout&quot;:&quot;grid&quot;,&quot;columns_tablet&quot;:2,&quot;columns_mobile&quot;:1,&quot;gap&quot;:{&quot;unit&quot;:&quot;px&quot;,&quot;size&quot;:10,&quot;sizes&quot;:[]},&quot;gap_tablet&quot;:{&quot;unit&quot;:&quot;px&quot;,&quot;size&quot;:10,&quot;sizes&quot;:[]},&quot;gap_mobile&quot;:{&quot;unit&quot;:&quot;px&quot;,&quot;size&quot;:10,&quot;sizes&quot;:[]},&quot;link_to&quot;:&quot;file&quot;,&quot;overlay_background&quot;:&quot;yes&quot;,&quot;content_hover_animation&quot;:&quot;fade-in&quot;}\" data-widget_type=\"gallery.default\">\n\t\t\t\t<div class=\"elementor-widget-container\">\n\t\t\t\t\t<div class=\"elementor-gallery__container\">\n\t\t\t\t\t\t\t<a class=\"e-gallery-item elementor-gallery-item elementor-animated-content\" href=\"https:\/\/pinandtrip.com\/wp-content\/uploads\/2024\/08\/IMG_0076-scaled.jpg\" data-elementor-open-lightbox=\"yes\" data-elementor-lightbox-slideshow=\"543890b\" data-elementor-lightbox-title=\"PR 1.2 Pico Ruivo\" data-elementor-lightbox-description=\"PR 1.2 Pico Ruivo\" data-e-action-hash=\"#elementor-action%3Aaction%3Dlightbox%26settings%3DeyJpZCI6NjcyNSwidXJsIjoiaHR0cHM6XC9cL3BpbmFuZHRyaXAuY29tXC93cC1jb250ZW50XC91cGxvYWRzXC8yMDI0XC8wOFwvSU1HXzAwNzYtc2NhbGVkLmpwZyIsInNsaWRlc2hvdyI6IjU0Mzg5MGIifQ%3D%3D\">\n\t\t\t\t\t<div class=\"e-gallery-image elementor-gallery-item__image\" data-thumbnail=\"https:\/\/pinandtrip.com\/wp-content\/uploads\/2024\/08\/IMG_0076-scaled.jpg\" data-width=\"1920\" data-height=\"2560\" aria-label=\"PR 1.2 Pico Ruivo\" role=\"img\" ><\/div>\n\t\t\t\t\t\t\t\t\t\t\t<div class=\"elementor-gallery-item__overlay\"><\/div>\n\t\t\t\t\t\t\t\t\t\t\t\t\t\t<\/a>\n\t\t\t\t\t\t\t<a class=\"e-gallery-item elementor-gallery-item elementor-animated-content\" href=\"https:\/\/pinandtrip.com\/wp-content\/uploads\/2024\/08\/IMG_0075-scaled.jpg\" data-elementor-open-lightbox=\"yes\" data-elementor-lightbox-slideshow=\"543890b\" data-elementor-lightbox-title=\"PR 1.2 Pico Ruivo\" data-elementor-lightbox-description=\"PR 1.2 Pico Ruivo\" data-e-action-hash=\"#elementor-action%3Aaction%3Dlightbox%26settings%3DeyJpZCI6NjcyNCwidXJsIjoiaHR0cHM6XC9cL3BpbmFuZHRyaXAuY29tXC93cC1jb250ZW50XC91cGxvYWRzXC8yMDI0XC8wOFwvSU1HXzAwNzUtc2NhbGVkLmpwZyIsInNsaWRlc2hvdyI6IjU0Mzg5MGIifQ%3D%3D\">\n\t\t\t\t\t<div class=\"e-gallery-image elementor-gallery-item__image\" data-thumbnail=\"https:\/\/pinandtrip.com\/wp-content\/uploads\/2024\/08\/IMG_0075-scaled.jpg\" data-width=\"1920\" data-height=\"2560\" aria-label=\"PR 1.2 Pico Ruivo\" role=\"img\" ><\/div>\n\t\t\t\t\t\t\t\t\t\t\t<div class=\"elementor-gallery-item__overlay\"><\/div>\n\t\t\t\t\t\t\t\t\t\t\t\t\t\t<\/a>\n\t\t\t\t\t\t\t<a class=\"e-gallery-item elementor-gallery-item elementor-animated-content\" href=\"https:\/\/pinandtrip.com\/wp-content\/uploads\/2024\/08\/IMG_0051-scaled.jpg\" data-elementor-open-lightbox=\"yes\" data-elementor-lightbox-slideshow=\"543890b\" data-elementor-lightbox-title=\"PR 1.2 Pico Ruivo\" data-elementor-lightbox-description=\"Pico Ruivo\" data-e-action-hash=\"#elementor-action%3Aaction%3Dlightbox%26settings%3DeyJpZCI6NjcyMywidXJsIjoiaHR0cHM6XC9cL3BpbmFuZHRyaXAuY29tXC93cC1jb250ZW50XC91cGxvYWRzXC8yMDI0XC8wOFwvSU1HXzAwNTEtc2NhbGVkLmpwZyIsInNsaWRlc2hvdyI6IjU0Mzg5MGIifQ%3D%3D\">\n\t\t\t\t\t<div class=\"e-gallery-image elementor-gallery-item__image\" data-thumbnail=\"https:\/\/pinandtrip.com\/wp-content\/uploads\/2024\/08\/IMG_0051-scaled.jpg\" data-width=\"1920\" data-height=\"2560\" aria-label=\"Pico Ruivo\" role=\"img\" ><\/div>\n\t\t\t\t\t\t\t\t\t\t\t<div class=\"elementor-gallery-item__overlay\"><\/div>\n\t\t\t\t\t\t\t\t\t\t\t\t\t\t<\/a>\n\t\t\t\t\t\t\t<a class=\"e-gallery-item elementor-gallery-item elementor-animated-content\" href=\"https:\/\/pinandtrip.com\/wp-content\/uploads\/2024\/08\/IMG_0022-scaled.jpg\" data-elementor-open-lightbox=\"yes\" data-elementor-lightbox-slideshow=\"543890b\" data-elementor-lightbox-title=\"Pico Ruivo\" data-elementor-lightbox-description=\"Pico Ruivo\" data-e-action-hash=\"#elementor-action%3Aaction%3Dlightbox%26settings%3DeyJpZCI6NjcyMSwidXJsIjoiaHR0cHM6XC9cL3BpbmFuZHRyaXAuY29tXC93cC1jb250ZW50XC91cGxvYWRzXC8yMDI0XC8wOFwvSU1HXzAwMjItc2NhbGVkLmpwZyIsInNsaWRlc2hvdyI6IjU0Mzg5MGIifQ%3D%3D\">\n\t\t\t\t\t<div class=\"e-gallery-image elementor-gallery-item__image\" data-thumbnail=\"https:\/\/pinandtrip.com\/wp-content\/uploads\/2024\/08\/IMG_0022-scaled.jpg\" data-width=\"2560\" data-height=\"1920\" aria-label=\"Pico Ruivo\" role=\"img\" ><\/div>\n\t\t\t\t\t\t\t\t\t\t\t<div class=\"elementor-gallery-item__overlay\"><\/div>\n\t\t\t\t\t\t\t\t\t\t\t\t\t\t<\/a>\n\t\t\t\t\t\t\t<a class=\"e-gallery-item elementor-gallery-item elementor-animated-content\" href=\"https:\/\/pinandtrip.com\/wp-content\/uploads\/2024\/08\/IMG_0019-scaled.jpg\" data-elementor-open-lightbox=\"yes\" data-elementor-lightbox-slideshow=\"543890b\" data-elementor-lightbox-title=\"PR 1.2 Pico Ruivo\" data-elementor-lightbox-description=\"Pico Ruivo\" data-e-action-hash=\"#elementor-action%3Aaction%3Dlightbox%26settings%3DeyJpZCI6NjcyMCwidXJsIjoiaHR0cHM6XC9cL3BpbmFuZHRyaXAuY29tXC93cC1jb250ZW50XC91cGxvYWRzXC8yMDI0XC8wOFwvSU1HXzAwMTktc2NhbGVkLmpwZyIsInNsaWRlc2hvdyI6IjU0Mzg5MGIifQ%3D%3D\">\n\t\t\t\t\t<div class=\"e-gallery-image elementor-gallery-item__image\" data-thumbnail=\"https:\/\/pinandtrip.com\/wp-content\/uploads\/2024\/08\/IMG_0019-scaled.jpg\" data-width=\"1920\" data-height=\"2560\" aria-label=\"Pico Ruivo\" role=\"img\" ><\/div>\n\t\t\t\t\t\t\t\t\t\t\t<div class=\"elementor-gallery-item__overlay\"><\/div>\n\t\t\t\t\t\t\t\t\t\t\t\t\t\t<\/a>\n\t\t\t\t\t\t\t<a class=\"e-gallery-item elementor-gallery-item elementor-animated-content\" href=\"https:\/\/pinandtrip.com\/wp-content\/uploads\/2024\/08\/IMG_0024-scaled.jpg\" data-elementor-open-lightbox=\"yes\" data-elementor-lightbox-slideshow=\"543890b\" data-elementor-lightbox-title=\"PR 1.2 Pico Ruivo\" data-elementor-lightbox-description=\"Pico Ruivo\" data-e-action-hash=\"#elementor-action%3Aaction%3Dlightbox%26settings%3DeyJpZCI6NjcyMiwidXJsIjoiaHR0cHM6XC9cL3BpbmFuZHRyaXAuY29tXC93cC1jb250ZW50XC91cGxvYWRzXC8yMDI0XC8wOFwvSU1HXzAwMjQtc2NhbGVkLmpwZyIsInNsaWRlc2hvdyI6IjU0Mzg5MGIifQ%3D%3D\">\n\t\t\t\t\t<div class=\"e-gallery-image elementor-gallery-item__image\" data-thumbnail=\"https:\/\/pinandtrip.com\/wp-content\/uploads\/2024\/08\/IMG_0024-scaled.jpg\" data-width=\"1920\" data-height=\"2560\" aria-label=\"Pico Ruivo\" role=\"img\" ><\/div>\n\t\t\t\t\t\t\t\t\t\t\t<div class=\"elementor-gallery-item__overlay\"><\/div>\n\t\t\t\t\t\t\t\t\t\t\t\t\t\t<\/a>\n\t\t\t\t\t<\/div>\n\t\t\t<\/div>\n\t\t\t\t<\/div>\n\t\t\t\t<div class=\"elementor-element elementor-element-ef6ae77 elementor-widget elementor-widget-text-editor\" data-id=\"ef6ae77\" data-element_type=\"widget\" data-widget_type=\"text-editor.default\">\n\t\t\t\t<div class=\"elementor-widget-container\">\n\t\t\t\t\t\t\t<p>And if you arrive at sunset, the feeling of being there will be all the more uplifting!<\/p>\t\t\t\t\t\t<\/div>\n\t\t\t\t<\/div>\n\t\t\t\t<div class=\"elementor-element elementor-element-c6c21d7 elementor-widget elementor-widget-gallery\" data-id=\"c6c21d7\" data-element_type=\"widget\" data-settings=\"{&quot;columns&quot;:3,&quot;aspect_ratio&quot;:&quot;1:1&quot;,&quot;lazyload&quot;:&quot;yes&quot;,&quot;gallery_layout&quot;:&quot;grid&quot;,&quot;columns_tablet&quot;:2,&quot;columns_mobile&quot;:1,&quot;gap&quot;:{&quot;unit&quot;:&quot;px&quot;,&quot;size&quot;:10,&quot;sizes&quot;:[]},&quot;gap_tablet&quot;:{&quot;unit&quot;:&quot;px&quot;,&quot;size&quot;:10,&quot;sizes&quot;:[]},&quot;gap_mobile&quot;:{&quot;unit&quot;:&quot;px&quot;,&quot;size&quot;:10,&quot;sizes&quot;:[]},&quot;link_to&quot;:&quot;file&quot;,&quot;overlay_background&quot;:&quot;yes&quot;,&quot;content_hover_animation&quot;:&quot;fade-in&quot;}\" data-widget_type=\"gallery.default\">\n\t\t\t\t<div class=\"elementor-widget-container\">\n\t\t\t\t\t<div class=\"elementor-gallery__container\">\n\t\t\t\t\t\t\t<a class=\"e-gallery-item elementor-gallery-item elementor-animated-content\" href=\"https:\/\/pinandtrip.com\/wp-content\/uploads\/2024\/08\/IMG_0164-scaled.jpg\" data-elementor-open-lightbox=\"yes\" data-elementor-lightbox-slideshow=\"c6c21d7\" data-elementor-lightbox-title=\"Pico Ruivo\" data-elementor-lightbox-description=\"Pico Ruivo\" data-e-action-hash=\"#elementor-action%3Aaction%3Dlightbox%26settings%3DeyJpZCI6NjczMCwidXJsIjoiaHR0cHM6XC9cL3BpbmFuZHRyaXAuY29tXC93cC1jb250ZW50XC91cGxvYWRzXC8yMDI0XC8wOFwvSU1HXzAxNjQtc2NhbGVkLmpwZyIsInNsaWRlc2hvdyI6ImM2YzIxZDcifQ%3D%3D\">\n\t\t\t\t\t<div class=\"e-gallery-image elementor-gallery-item__image\" data-thumbnail=\"https:\/\/pinandtrip.com\/wp-content\/uploads\/2024\/08\/IMG_0164-scaled.jpg\" data-width=\"1920\" data-height=\"2560\" aria-label=\"Pico Ruivo\" role=\"img\" ><\/div>\n\t\t\t\t\t\t\t\t\t\t\t<div class=\"elementor-gallery-item__overlay\"><\/div>\n\t\t\t\t\t\t\t\t\t\t\t\t\t\t<\/a>\n\t\t\t\t\t\t\t<a class=\"e-gallery-item elementor-gallery-item elementor-animated-content\" href=\"https:\/\/pinandtrip.com\/wp-content\/uploads\/2024\/08\/IMG_0153-scaled.jpg\" data-elementor-open-lightbox=\"yes\" data-elementor-lightbox-slideshow=\"c6c21d7\" data-elementor-lightbox-title=\"Pico Ruivo\" data-elementor-lightbox-description=\"Pico Ruivo\" data-e-action-hash=\"#elementor-action%3Aaction%3Dlightbox%26settings%3DeyJpZCI6NjcyOSwidXJsIjoiaHR0cHM6XC9cL3BpbmFuZHRyaXAuY29tXC93cC1jb250ZW50XC91cGxvYWRzXC8yMDI0XC8wOFwvSU1HXzAxNTMtc2NhbGVkLmpwZyIsInNsaWRlc2hvdyI6ImM2YzIxZDcifQ%3D%3D\">\n\t\t\t\t\t<div class=\"e-gallery-image elementor-gallery-item__image\" data-thumbnail=\"https:\/\/pinandtrip.com\/wp-content\/uploads\/2024\/08\/IMG_0153-scaled.jpg\" data-width=\"1920\" data-height=\"2560\" aria-label=\"Pico Ruivo\" role=\"img\" ><\/div>\n\t\t\t\t\t\t\t\t\t\t\t<div class=\"elementor-gallery-item__overlay\"><\/div>\n\t\t\t\t\t\t\t\t\t\t\t\t\t\t<\/a>\n\t\t\t\t\t\t\t<a class=\"e-gallery-item elementor-gallery-item elementor-animated-content\" href=\"https:\/\/pinandtrip.com\/wp-content\/uploads\/2024\/08\/IMG_0139-scaled.jpg\" data-elementor-open-lightbox=\"yes\" data-elementor-lightbox-slideshow=\"c6c21d7\" data-elementor-lightbox-title=\"Pico Ruivo\" data-elementor-lightbox-description=\"Pico Ruivo\" data-e-action-hash=\"#elementor-action%3Aaction%3Dlightbox%26settings%3DeyJpZCI6NjcyOCwidXJsIjoiaHR0cHM6XC9cL3BpbmFuZHRyaXAuY29tXC93cC1jb250ZW50XC91cGxvYWRzXC8yMDI0XC8wOFwvSU1HXzAxMzktc2NhbGVkLmpwZyIsInNsaWRlc2hvdyI6ImM2YzIxZDcifQ%3D%3D\">\n\t\t\t\t\t<div class=\"e-gallery-image elementor-gallery-item__image\" data-thumbnail=\"https:\/\/pinandtrip.com\/wp-content\/uploads\/2024\/08\/IMG_0139-scaled.jpg\" data-width=\"1920\" data-height=\"2560\" aria-label=\"Pico Ruivo\" role=\"img\" ><\/div>\n\t\t\t\t\t\t\t\t\t\t\t<div class=\"elementor-gallery-item__overlay\"><\/div>\n\t\t\t\t\t\t\t\t\t\t\t\t\t\t<\/a>\n\t\t\t\t\t<\/div>\n\t\t\t<\/div>\n\t\t\t\t<\/div>\n\t\t\t\t<div class=\"elementor-element elementor-element-525c2fb elementor-widget elementor-widget-heading\" data-id=\"525c2fb\" data-element_type=\"widget\" data-widget_type=\"heading.default\">\n\t\t\t\t<div class=\"elementor-widget-container\">\n\t\t\t<h2 class=\"elementor-heading-title elementor-size-default\">Where to stay in Madeira<\/h2>\t\t<\/div>\n\t\t\t\t<\/div>\n\t\t\t\t<div class=\"elementor-element elementor-element-87d0bd0 elementor-widget elementor-widget-text-editor\" data-id=\"87d0bd0\" data-element_type=\"widget\" data-widget_type=\"text-editor.default\">\n\t\t\t\t<div class=\"elementor-widget-container\">\n\t\t\t\t\t\t\t<p>The accommodation location chosen by most tourists traveling to Madeira is in the area of <strong><a href=\"https:\/\/www.booking.com\/searchresults.ro.html?ss=Funchal\">Funchal<\/a><\/strong>. You can choose the capital of the island as a starting point for most touristic attractions in Madeira. The advantage is that from here you can reach any point of the island by car, and if you don't have a car, you can take guided tours or buses directly from Funchal. Besides that, in Funchal you have a wide variety of restaurants and shops.<\/p>\t\t\t\t\t\t<\/div>\n\t\t\t\t<\/div>\n\t\t\t\t<div class=\"elementor-element elementor-element-c5682b1 elementor-widget elementor-widget-text-editor\" data-id=\"c5682b1\" data-element_type=\"widget\" data-widget_type=\"text-editor.default\">\n\t\t\t\t<div class=\"elementor-widget-container\">\n\t\t\t\t\t\t\t<p>Below you will find a list of accommodations in Funchal, all rated above 9:<\/p>\t\t\t\t\t\t<\/div>\n\t\t\t\t<\/div>\n\t\t\t\t<div class=\"elementor-element elementor-element-59a3cd9 elementor-widget elementor-widget-text-editor\" data-id=\"59a3cd9\" data-element_type=\"widget\" data-widget_type=\"text-editor.default\">\n\t\t\t\t<div class=\"elementor-widget-container\">\n\t\t\t\t\t\t\t<ul><li><strong><a href=\"https:\/\/www.booking.com\/hotel\/pt\/belvedere-boutique.ro.html\">Belvedere Boutique &#8211; Adults only<\/a>\u00a0<\/strong>- is our number 1 recommendation, the accommodation that we had and fell in love with! The rooms start from 79 euros\/night, but must be booked in advance! And if you have the chance, book the apartment with the terrace, it's absolutely incredible! We paid 90 euros\/night for the biggest apartment in the building.<\/li><li><strong><a href=\"https:\/\/www.booking.com\/hotel\/pt\/sao-francisco-guest-house-funchal.ro.html\">S\u00e3o Francisco Accommodation<\/a><\/strong>\u00a0- from 100 euros\/night<\/li><li><strong><a href=\"https:\/\/www.booking.com\/hotel\/pt\/solar-do-ribeiro.ro.html\">Solar do Ribeiro<\/a><\/strong> - from 110 euros\/night<\/li><li><strong><a href=\"https:\/\/www.booking.com\/hotel\/pt\/palmar-rooms.ro.html\">Palmar Rooms<\/a><\/strong> - from 80 euros\/night<\/li><li><strong><a href=\"https:\/\/www.booking.com\/hotel\/pt\/sao-pedro-boutique-studio.ro.html\">Central &#8211; S\u00e3o Pedro Boutique<\/a><\/strong> - from 75 euros\/night\u00a0<\/li><\/ul>\t\t\t\t\t\t<\/div>\n\t\t\t\t<\/div>\n\t\t\t\t<div class=\"elementor-element elementor-element-612a01a elementor-widget elementor-widget-text-editor\" data-id=\"612a01a\" data-element_type=\"widget\" data-widget_type=\"text-editor.default\">\n\t\t\t\t<div class=\"elementor-widget-container\">\n\t\t\t\t\t\t\t<p>Alta locatie posibila unde sa te cazezi poate fi si in <strong><a href=\"https:\/\/www.booking.com\/searchresults.ro.html?ss=Santana%2C+Insulele+Madeira%2C+Portugalia\">Santana<\/a><\/strong>, la 10 km distanta de parcarea Achada do Teixeira, de unde incepe traseul PR 1.2 Vereda do Pico Ruivo:<\/p>\t\t\t\t\t\t<\/div>\n\t\t\t\t<\/div>\n\t\t\t\t<div class=\"elementor-element elementor-element-5215884 elementor-widget elementor-widget-text-editor\" data-id=\"5215884\" data-element_type=\"widget\" data-widget_type=\"text-editor.default\">\n\t\t\t\t<div class=\"elementor-widget-container\">\n\t\t\t\t\t\t\t<ul><li><strong><a href=\"https:\/\/www.booking.com\/hotel\/pt\/casa-do-ribeiro-frio.ro.html\">Casa do Ribeiro Frio<\/a><\/strong>\u00a0- from 70 euros\/night<\/li><li><strong><a href=\"https:\/\/www.booking.com\/hotel\/pt\/solar-arco-de-sao-jorge.ro.html\">Solar Arco de S\u00e3o Jorge<\/a><\/strong>\u00a0- from 80 euros\/night<\/li><li><strong><a href=\"https:\/\/www.booking.com\/hotel\/pt\/ilha-natura.ro.html\">Ilha Natura<\/a><\/strong>\u00a0- from 85 euros\/night<\/li><li><strong><a href=\"https:\/\/www.booking.com\/hotel\/pt\/casa-do-manuel.ro.html\">Casa do Manuel<\/a><\/strong> - from 95 euros\/night<\/li><li><strong><a href=\"https:\/\/www.booking.com\/hotel\/pt\/quinta-do-furao.ro.html\">Hotel Quinta Do Furao ****<\/a><\/strong> - from 180 euros\/night<\/li><\/ul>\t\t\t\t\t\t<\/div>\n\t\t\t\t<\/div>\n\t\t\t\t\t<\/div>\n\t\t<\/div>\n\t\t\t\t\t<\/div>\n\t\t<\/section>\n\t\t\t\t<section class=\"elementor-section elementor-top-section elementor-element elementor-element-fe15a8e elementor-section-boxed elementor-section-height-default elementor-section-height-default\" data-id=\"fe15a8e\" data-element_type=\"section\">\n\t\t\t\t\t\t<div class=\"elementor-container elementor-column-gap-default\">\n\t\t\t\t\t<div class=\"elementor-column elementor-col-100 elementor-top-column elementor-element elementor-element-3e9a92c7\" data-id=\"3e9a92c7\" data-element_type=\"column\">\n\t\t\t<div class=\"elementor-widget-wrap elementor-element-populated\">\n\t\t\t\t\t\t<div class=\"elementor-element elementor-element-30b1ad3a elementor-widget elementor-widget-sayville-quote\" data-id=\"30b1ad3a\" data-element_type=\"widget\" data-widget_type=\"sayville-quote.default\">\n\t\t\t\t<div class=\"elementor-widget-container\">\n\t\t\t<blockquote class=\"wp-block-quote style2 textcenter\"><p class=\"text\">Related articles<\/p><\/blockquote>\t\t<\/div>\n\t\t\t\t<\/div>\n\t\t\t\t<div class=\"elementor-element elementor-element-63f3f502 elementor-widget elementor-widget-text-editor\" data-id=\"63f3f502\" data-element_type=\"widget\" data-widget_type=\"text-editor.default\">\n\t\t\t\t<div class=\"elementor-widget-container\">\n\t\t\t\t\t\t\t<p><strong><a href=\"https:\/\/pinandtrip.com\/en\/madeira-tot-ce-trebuie-sa-stii-inainte-sa-vizitezi-madeira-insula-eternei-primaveri\/\">Madeira - Everything you need to know before visiting Madeira, the island of eternal spring<\/a><\/strong><\/p><p><strong><a href=\"https:\/\/pinandtrip.com\/en\/7-zile-in-madeira-itinerariul-perfect-pentru-insula-madeira\/\">7 days in Madeira - The perfect itinerary for your first vacation in Madeira<\/a><\/strong><\/p><p><strong><a href=\"https:\/\/pinandtrip.com\/en\/ce-sa-faci-in-madeira-cele-mai-frumoase-20-locuri-de-vizitat\/\">What to do in Madeira - TOP 20 most beautiful places to visit<\/a><\/strong><\/p><p><strong><a href=\"https:\/\/pinandtrip.com\/en\/o-zi-in-funchal-capitala-madeirei-top-6-lucruri-de-facut-in-funchal\/\">A day in Funchal, the capital of Madeira - TOP 6 things to do in Funchal<\/a><\/strong><\/p>\t\t\t\t\t\t<\/div>\n\t\t\t\t<\/div>\n\t\t\t\t<div class=\"elementor-element elementor-element-63ce52d7 elementor-widget elementor-widget-html\" data-id=\"63ce52d7\" data-element_type=\"widget\" data-widget_type=\"html.default\">\n\t\t\t\t<div class=\"elementor-widget-container\">\n\t\t\t<div align=\"center\"><a href=\"https:\/\/www.buymeacoffee.com\/pinandtrip\"><img decoding=\"async\" src=\"https:\/\/img.buymeacoffee.com\/button-api\/?text=Buy me a coffee&emoji=&slug=pinandtrip&button_colour=40DCA5&font_colour=ffffff&font_family=Cookie&outline_colour=000000&coffee_colour=FFDD00\" \/><\/a><\/div>\t\t<\/div>\n\t\t\t\t<\/div>\n\t\t\t\t<div class=\"elementor-element elementor-element-5064e2a elementor-widget elementor-widget-shortcode\" data-id=\"5064e2a\" data-element_type=\"widget\" data-widget_type=\"shortcode.default\">\n\t\t\t\t<div class=\"elementor-widget-container\">\n\t\t\t\t\t<div class=\"elementor-shortcode\">\n<div id=\"sb_instagram\"  class=\"sbi sbi_mob_col_2 sbi_tab_col_2 sbi_col_3 sbi_width_resp sbi_palette_light\" style=\"padding-bottom: 10px;\" data-feedid=\"*2\"  data-res=\"auto\" data-cols=\"3\" data-colsmobile=\"2\" data-colstablet=\"2\" data-num=\"3\" data-nummobile=\"2\" data-item-padding=\"5\" data-shortcode-atts=\"{&quot;feed&quot;:&quot;2&quot;,&quot;cachetime&quot;:30}\"  data-postid=\"6624\" data-locatornonce=\"df331cec8d\" data-imageaspectratio=\"1:1\" data-sbi-flags=\"favorLocal\">\n\t\n    <div id=\"sbi_images\"  style=\"gap: 10px;\">\n\t\t<div class=\"sbi_item sbi_type_video sbi_new sbi_transition\" id=\"sbi_18070563599359407\" data-date=\"1775905890\">\n    <div class=\"sbi_photo_wrap\">\n        <a class=\"sbi_photo\" href=\"https:\/\/www.instagram.com\/reel\/DW_TVrajcu1\/\" target=\"_blank\" rel=\"noopener nofollow\" data-full-res=\"https:\/\/scontent-otp1-1.cdninstagram.com\/v\/t51.71878-15\/670927873_985106834187354_5031974181528589279_n.jpg?stp=dst-jpg_e35_tt6&#038;_nc_cat=100&#038;ccb=7-5&#038;_nc_sid=18de74&#038;efg=eyJlZmdfdGFnIjoiQ0xJUFMuYmVzdF9pbWFnZV91cmxnZW4uQzMifQ%3D%3D&#038;_nc_ohc=oef34J2EUeEQ7kNvwHmhMDQ&#038;_nc_oc=AdqpS5MoyDCr1F5oyhXX-Tl6c5dS1cgG3_mHBvp9wve_A0hIdH6SurokXQHya8jVo_4dJeswRgcVB6y3EEr11ozs&#038;_nc_zt=23&#038;_nc_ht=scontent-otp1-1.cdninstagram.com&#038;edm=ANo9K5cEAAAA&#038;_nc_gid=ZwV0Ue99F61NTPwCPcfT3g&#038;_nc_tpa=Q5bMBQFNwKxiM4VqqV0r1-d8NU44s5y3kq9in1o8GHpZ4kR5epKYwLjHonEUyGpnGUxmYQmAHTNJpL90Rw&#038;oh=00_Af2du6sxTztPYKGJrWi_7Us7LDVROarib-veutcisV9_xw&#038;oe=69E15A54\" data-img-src-set=\"{&quot;d&quot;:&quot;https:\\\/\\\/scontent-otp1-1.cdninstagram.com\\\/v\\\/t51.71878-15\\\/670927873_985106834187354_5031974181528589279_n.jpg?stp=dst-jpg_e35_tt6&amp;_nc_cat=100&amp;ccb=7-5&amp;_nc_sid=18de74&amp;efg=eyJlZmdfdGFnIjoiQ0xJUFMuYmVzdF9pbWFnZV91cmxnZW4uQzMifQ%3D%3D&amp;_nc_ohc=oef34J2EUeEQ7kNvwHmhMDQ&amp;_nc_oc=AdqpS5MoyDCr1F5oyhXX-Tl6c5dS1cgG3_mHBvp9wve_A0hIdH6SurokXQHya8jVo_4dJeswRgcVB6y3EEr11ozs&amp;_nc_zt=23&amp;_nc_ht=scontent-otp1-1.cdninstagram.com&amp;edm=ANo9K5cEAAAA&amp;_nc_gid=ZwV0Ue99F61NTPwCPcfT3g&amp;_nc_tpa=Q5bMBQFNwKxiM4VqqV0r1-d8NU44s5y3kq9in1o8GHpZ4kR5epKYwLjHonEUyGpnGUxmYQmAHTNJpL90Rw&amp;oh=00_Af2du6sxTztPYKGJrWi_7Us7LDVROarib-veutcisV9_xw&amp;oe=69E15A54&quot;,&quot;150&quot;:&quot;https:\\\/\\\/scontent-otp1-1.cdninstagram.com\\\/v\\\/t51.71878-15\\\/670927873_985106834187354_5031974181528589279_n.jpg?stp=dst-jpg_e35_tt6&amp;_nc_cat=100&amp;ccb=7-5&amp;_nc_sid=18de74&amp;efg=eyJlZmdfdGFnIjoiQ0xJUFMuYmVzdF9pbWFnZV91cmxnZW4uQzMifQ%3D%3D&amp;_nc_ohc=oef34J2EUeEQ7kNvwHmhMDQ&amp;_nc_oc=AdqpS5MoyDCr1F5oyhXX-Tl6c5dS1cgG3_mHBvp9wve_A0hIdH6SurokXQHya8jVo_4dJeswRgcVB6y3EEr11ozs&amp;_nc_zt=23&amp;_nc_ht=scontent-otp1-1.cdninstagram.com&amp;edm=ANo9K5cEAAAA&amp;_nc_gid=ZwV0Ue99F61NTPwCPcfT3g&amp;_nc_tpa=Q5bMBQFNwKxiM4VqqV0r1-d8NU44s5y3kq9in1o8GHpZ4kR5epKYwLjHonEUyGpnGUxmYQmAHTNJpL90Rw&amp;oh=00_Af2du6sxTztPYKGJrWi_7Us7LDVROarib-veutcisV9_xw&amp;oe=69E15A54&quot;,&quot;320&quot;:&quot;https:\\\/\\\/scontent-otp1-1.cdninstagram.com\\\/v\\\/t51.71878-15\\\/670927873_985106834187354_5031974181528589279_n.jpg?stp=dst-jpg_e35_tt6&amp;_nc_cat=100&amp;ccb=7-5&amp;_nc_sid=18de74&amp;efg=eyJlZmdfdGFnIjoiQ0xJUFMuYmVzdF9pbWFnZV91cmxnZW4uQzMifQ%3D%3D&amp;_nc_ohc=oef34J2EUeEQ7kNvwHmhMDQ&amp;_nc_oc=AdqpS5MoyDCr1F5oyhXX-Tl6c5dS1cgG3_mHBvp9wve_A0hIdH6SurokXQHya8jVo_4dJeswRgcVB6y3EEr11ozs&amp;_nc_zt=23&amp;_nc_ht=scontent-otp1-1.cdninstagram.com&amp;edm=ANo9K5cEAAAA&amp;_nc_gid=ZwV0Ue99F61NTPwCPcfT3g&amp;_nc_tpa=Q5bMBQFNwKxiM4VqqV0r1-d8NU44s5y3kq9in1o8GHpZ4kR5epKYwLjHonEUyGpnGUxmYQmAHTNJpL90Rw&amp;oh=00_Af2du6sxTztPYKGJrWi_7Us7LDVROarib-veutcisV9_xw&amp;oe=69E15A54&quot;,&quot;640&quot;:&quot;https:\\\/\\\/scontent-otp1-1.cdninstagram.com\\\/v\\\/t51.71878-15\\\/670927873_985106834187354_5031974181528589279_n.jpg?stp=dst-jpg_e35_tt6&amp;_nc_cat=100&amp;ccb=7-5&amp;_nc_sid=18de74&amp;efg=eyJlZmdfdGFnIjoiQ0xJUFMuYmVzdF9pbWFnZV91cmxnZW4uQzMifQ%3D%3D&amp;_nc_ohc=oef34J2EUeEQ7kNvwHmhMDQ&amp;_nc_oc=AdqpS5MoyDCr1F5oyhXX-Tl6c5dS1cgG3_mHBvp9wve_A0hIdH6SurokXQHya8jVo_4dJeswRgcVB6y3EEr11ozs&amp;_nc_zt=23&amp;_nc_ht=scontent-otp1-1.cdninstagram.com&amp;edm=ANo9K5cEAAAA&amp;_nc_gid=ZwV0Ue99F61NTPwCPcfT3g&amp;_nc_tpa=Q5bMBQFNwKxiM4VqqV0r1-d8NU44s5y3kq9in1o8GHpZ4kR5epKYwLjHonEUyGpnGUxmYQmAHTNJpL90Rw&amp;oh=00_Af2du6sxTztPYKGJrWi_7Us7LDVROarib-veutcisV9_xw&amp;oe=69E15A54&quot;}\">\n            <span class=\"sbi-screenreader\">Cele mai NEprietenoase \u021b\u0103ri pentru VAN life \u00een <\/span>\n            \t        <svg style=\"color: rgba(255,255,255,1)\" class=\"svg-inline--fa fa-play fa-w-14 sbi_playbtn\" aria-label=\"Play\" aria-hidden=\"true\" data-fa-processed=\"\" data-prefix=\"fa\" data-icon=\"play\" role=\"presentation\" xmlns=\"http:\/\/www.w3.org\/2000\/svg\" viewbox=\"0 0 448 512\"><path fill=\"currentColor\" d=\"M424.4 214.7L72.4 6.6C43.8-10.3 0 6.1 0 47.9V464c0 37.5 40.7 60.1 72.4 41.3l352-208c31.4-18.5 31.5-64.1 0-82.6z\"><\/path><\/svg>            <img decoding=\"async\" src=\"https:\/\/pinandtrip.com\/wp-content\/plugins\/instagram-feed\/img\/placeholder.png\" alt=\"Cele mai NEprietenoase \u021b\u0103ri pentru VAN life \u00een Europa \ud83d\ude90Ai fi ghicit \u021bara de primul loc? \ud83d\ude31Am c\u0103l\u0103torit cu VAN-ul nostru convertit in peste 20 de \u021b\u0103ri* din Europa, timp de 3 ani, \u0219i, din p\u0103cate, nu peste tot ne-am sim\u021bit bineveni\u021bi.Uite lista noastr\u0103 cu cele mai neprietenoase \u021b\u0103ri pentru van life \ud83d\ude90Te-ai a\u0219teptat la lista aceasta?Tu ce experien\u021be similare ai avut?#vanlife #campervan #vanconversion #roadtrip #europa*cu men\u021biunea cu tarile balcanice le vom vizita vara aceasta \ud83d\udc4c\ud83c\udffb\">\n        <\/a>\n    <\/div>\n<\/div><div class=\"sbi_item sbi_type_video sbi_new sbi_transition\" id=\"sbi_18338412127174704\" data-date=\"1775756224\">\n    <div class=\"sbi_photo_wrap\">\n        <a class=\"sbi_photo\" href=\"https:\/\/www.instagram.com\/reel\/DW62QUtjACZ\/\" target=\"_blank\" rel=\"noopener nofollow\" data-full-res=\"https:\/\/scontent-otp1-1.cdninstagram.com\/v\/t51.71878-15\/670620876_1389567859642189_402373490753719163_n.jpg?stp=dst-jpg_e35_tt6&#038;_nc_cat=103&#038;ccb=7-5&#038;_nc_sid=18de74&#038;efg=eyJlZmdfdGFnIjoiQ0xJUFMuYmVzdF9pbWFnZV91cmxnZW4uQzMifQ%3D%3D&#038;_nc_ohc=4AomEFux6GUQ7kNvwFs2-h5&#038;_nc_oc=AdrzauYeYqolokTVcNB-lgLJKmKRQgzeMiTAVBWXrYVDyfGiwRc-m3JavmaygMjZtfFkcKRLNgGP2CYBMzbfsgY1&#038;_nc_zt=23&#038;_nc_ht=scontent-otp1-1.cdninstagram.com&#038;edm=ANo9K5cEAAAA&#038;_nc_gid=ZwV0Ue99F61NTPwCPcfT3g&#038;_nc_tpa=Q5bMBQFUJ6LULVIr1Kbau2KZmWXwHeD7Mk-gxBBd_t2RBebsYblqDytU7PAVICcRtgw4fGXvQ1jUDbJphw&#038;oh=00_Af0RimkbiFbCNGWnJ1WQs4qmun-F1NPlzx-HJMsdXMSskg&#038;oe=69E183A0\" data-img-src-set=\"{&quot;d&quot;:&quot;https:\\\/\\\/scontent-otp1-1.cdninstagram.com\\\/v\\\/t51.71878-15\\\/670620876_1389567859642189_402373490753719163_n.jpg?stp=dst-jpg_e35_tt6&amp;_nc_cat=103&amp;ccb=7-5&amp;_nc_sid=18de74&amp;efg=eyJlZmdfdGFnIjoiQ0xJUFMuYmVzdF9pbWFnZV91cmxnZW4uQzMifQ%3D%3D&amp;_nc_ohc=4AomEFux6GUQ7kNvwFs2-h5&amp;_nc_oc=AdrzauYeYqolokTVcNB-lgLJKmKRQgzeMiTAVBWXrYVDyfGiwRc-m3JavmaygMjZtfFkcKRLNgGP2CYBMzbfsgY1&amp;_nc_zt=23&amp;_nc_ht=scontent-otp1-1.cdninstagram.com&amp;edm=ANo9K5cEAAAA&amp;_nc_gid=ZwV0Ue99F61NTPwCPcfT3g&amp;_nc_tpa=Q5bMBQFUJ6LULVIr1Kbau2KZmWXwHeD7Mk-gxBBd_t2RBebsYblqDytU7PAVICcRtgw4fGXvQ1jUDbJphw&amp;oh=00_Af0RimkbiFbCNGWnJ1WQs4qmun-F1NPlzx-HJMsdXMSskg&amp;oe=69E183A0&quot;,&quot;150&quot;:&quot;https:\\\/\\\/scontent-otp1-1.cdninstagram.com\\\/v\\\/t51.71878-15\\\/670620876_1389567859642189_402373490753719163_n.jpg?stp=dst-jpg_e35_tt6&amp;_nc_cat=103&amp;ccb=7-5&amp;_nc_sid=18de74&amp;efg=eyJlZmdfdGFnIjoiQ0xJUFMuYmVzdF9pbWFnZV91cmxnZW4uQzMifQ%3D%3D&amp;_nc_ohc=4AomEFux6GUQ7kNvwFs2-h5&amp;_nc_oc=AdrzauYeYqolokTVcNB-lgLJKmKRQgzeMiTAVBWXrYVDyfGiwRc-m3JavmaygMjZtfFkcKRLNgGP2CYBMzbfsgY1&amp;_nc_zt=23&amp;_nc_ht=scontent-otp1-1.cdninstagram.com&amp;edm=ANo9K5cEAAAA&amp;_nc_gid=ZwV0Ue99F61NTPwCPcfT3g&amp;_nc_tpa=Q5bMBQFUJ6LULVIr1Kbau2KZmWXwHeD7Mk-gxBBd_t2RBebsYblqDytU7PAVICcRtgw4fGXvQ1jUDbJphw&amp;oh=00_Af0RimkbiFbCNGWnJ1WQs4qmun-F1NPlzx-HJMsdXMSskg&amp;oe=69E183A0&quot;,&quot;320&quot;:&quot;https:\\\/\\\/scontent-otp1-1.cdninstagram.com\\\/v\\\/t51.71878-15\\\/670620876_1389567859642189_402373490753719163_n.jpg?stp=dst-jpg_e35_tt6&amp;_nc_cat=103&amp;ccb=7-5&amp;_nc_sid=18de74&amp;efg=eyJlZmdfdGFnIjoiQ0xJUFMuYmVzdF9pbWFnZV91cmxnZW4uQzMifQ%3D%3D&amp;_nc_ohc=4AomEFux6GUQ7kNvwFs2-h5&amp;_nc_oc=AdrzauYeYqolokTVcNB-lgLJKmKRQgzeMiTAVBWXrYVDyfGiwRc-m3JavmaygMjZtfFkcKRLNgGP2CYBMzbfsgY1&amp;_nc_zt=23&amp;_nc_ht=scontent-otp1-1.cdninstagram.com&amp;edm=ANo9K5cEAAAA&amp;_nc_gid=ZwV0Ue99F61NTPwCPcfT3g&amp;_nc_tpa=Q5bMBQFUJ6LULVIr1Kbau2KZmWXwHeD7Mk-gxBBd_t2RBebsYblqDytU7PAVICcRtgw4fGXvQ1jUDbJphw&amp;oh=00_Af0RimkbiFbCNGWnJ1WQs4qmun-F1NPlzx-HJMsdXMSskg&amp;oe=69E183A0&quot;,&quot;640&quot;:&quot;https:\\\/\\\/scontent-otp1-1.cdninstagram.com\\\/v\\\/t51.71878-15\\\/670620876_1389567859642189_402373490753719163_n.jpg?stp=dst-jpg_e35_tt6&amp;_nc_cat=103&amp;ccb=7-5&amp;_nc_sid=18de74&amp;efg=eyJlZmdfdGFnIjoiQ0xJUFMuYmVzdF9pbWFnZV91cmxnZW4uQzMifQ%3D%3D&amp;_nc_ohc=4AomEFux6GUQ7kNvwFs2-h5&amp;_nc_oc=AdrzauYeYqolokTVcNB-lgLJKmKRQgzeMiTAVBWXrYVDyfGiwRc-m3JavmaygMjZtfFkcKRLNgGP2CYBMzbfsgY1&amp;_nc_zt=23&amp;_nc_ht=scontent-otp1-1.cdninstagram.com&amp;edm=ANo9K5cEAAAA&amp;_nc_gid=ZwV0Ue99F61NTPwCPcfT3g&amp;_nc_tpa=Q5bMBQFUJ6LULVIr1Kbau2KZmWXwHeD7Mk-gxBBd_t2RBebsYblqDytU7PAVICcRtgw4fGXvQ1jUDbJphw&amp;oh=00_Af0RimkbiFbCNGWnJ1WQs4qmun-F1NPlzx-HJMsdXMSskg&amp;oe=69E183A0&quot;}\">\n            <span class=\"sbi-screenreader\"><\/span>\n            \t        <svg style=\"color: rgba(255,255,255,1)\" class=\"svg-inline--fa fa-play fa-w-14 sbi_playbtn\" aria-label=\"Play\" aria-hidden=\"true\" data-fa-processed=\"\" data-prefix=\"fa\" data-icon=\"play\" role=\"presentation\" xmlns=\"http:\/\/www.w3.org\/2000\/svg\" viewbox=\"0 0 448 512\"><path fill=\"currentColor\" d=\"M424.4 214.7L72.4 6.6C43.8-10.3 0 6.1 0 47.9V464c0 37.5 40.7 60.1 72.4 41.3l352-208c31.4-18.5 31.5-64.1 0-82.6z\"><\/path><\/svg>            <img decoding=\"async\" src=\"https:\/\/pinandtrip.com\/wp-content\/plugins\/instagram-feed\/img\/placeholder.png\" alt=\"Am c\u0103l\u0103torit cu van-ul nostru prin peste 20 de \u021b\u0103ri din Europa \u0219i ne-am f\u0103cut o idee destul de clar\u0103 despre unde e cel mai u\u0219or s\u0103 faci van life.Unele \u021b\u0103ri sunt extrem de bine preg\u0103tite, si pe acelea le mentionam aici \ud83d\udc46\ud83c\udffbAsta e lista noastr\u0103 cu cele mai van friendly \u021b\u0103ri din Europa \ud83d\ude90Te-ai asteptat la aceste \u021b\u0103ri?#vanlife #campervan #autorulota #vanconversion #roadtrip\">\n        <\/a>\n    <\/div>\n<\/div><div class=\"sbi_item sbi_type_video sbi_new sbi_transition\" id=\"sbi_17853032028646180\" data-date=\"1775581810\">\n    <div class=\"sbi_photo_wrap\">\n        <a class=\"sbi_photo\" href=\"https:\/\/www.instagram.com\/reel\/DW1pk7rjeC7\/\" target=\"_blank\" rel=\"noopener nofollow\" data-full-res=\"https:\/\/scontent-otp1-1.cdninstagram.com\/v\/t51.71878-15\/659032369_1629844054797501_7322457490350763602_n.jpg?stp=dst-jpg_e35_tt6&#038;_nc_cat=111&#038;ccb=7-5&#038;_nc_sid=18de74&#038;efg=eyJlZmdfdGFnIjoiQ0xJUFMuYmVzdF9pbWFnZV91cmxnZW4uQzMifQ%3D%3D&#038;_nc_ohc=mHAB1C0Q4hsQ7kNvwGa-jtm&#038;_nc_oc=AdrMhN6rXWd5g53KIRFitGrMtqSgfFGmrAGjR9kD2uRTx63idSaIznKWk0K34EL4SnTCmV07yiqHhM-5We6-Vds5&#038;_nc_zt=23&#038;_nc_ht=scontent-otp1-1.cdninstagram.com&#038;edm=ANo9K5cEAAAA&#038;_nc_gid=ZwV0Ue99F61NTPwCPcfT3g&#038;_nc_tpa=Q5bMBQGsQJMqfAxW_xet1oNojGX_RML4twImWqo0DGueR8phisyUP23inmbl31zSH5TEp4z65Z7M2dAqmw&#038;oh=00_Af0uV3RwAApzobZk2U1-kjIAHIE017_4F7vyHBb5BKBHrw&#038;oe=69E17CCD\" data-img-src-set=\"{&quot;d&quot;:&quot;https:\\\/\\\/scontent-otp1-1.cdninstagram.com\\\/v\\\/t51.71878-15\\\/659032369_1629844054797501_7322457490350763602_n.jpg?stp=dst-jpg_e35_tt6&amp;_nc_cat=111&amp;ccb=7-5&amp;_nc_sid=18de74&amp;efg=eyJlZmdfdGFnIjoiQ0xJUFMuYmVzdF9pbWFnZV91cmxnZW4uQzMifQ%3D%3D&amp;_nc_ohc=mHAB1C0Q4hsQ7kNvwGa-jtm&amp;_nc_oc=AdrMhN6rXWd5g53KIRFitGrMtqSgfFGmrAGjR9kD2uRTx63idSaIznKWk0K34EL4SnTCmV07yiqHhM-5We6-Vds5&amp;_nc_zt=23&amp;_nc_ht=scontent-otp1-1.cdninstagram.com&amp;edm=ANo9K5cEAAAA&amp;_nc_gid=ZwV0Ue99F61NTPwCPcfT3g&amp;_nc_tpa=Q5bMBQGsQJMqfAxW_xet1oNojGX_RML4twImWqo0DGueR8phisyUP23inmbl31zSH5TEp4z65Z7M2dAqmw&amp;oh=00_Af0uV3RwAApzobZk2U1-kjIAHIE017_4F7vyHBb5BKBHrw&amp;oe=69E17CCD&quot;,&quot;150&quot;:&quot;https:\\\/\\\/scontent-otp1-1.cdninstagram.com\\\/v\\\/t51.71878-15\\\/659032369_1629844054797501_7322457490350763602_n.jpg?stp=dst-jpg_e35_tt6&amp;_nc_cat=111&amp;ccb=7-5&amp;_nc_sid=18de74&amp;efg=eyJlZmdfdGFnIjoiQ0xJUFMuYmVzdF9pbWFnZV91cmxnZW4uQzMifQ%3D%3D&amp;_nc_ohc=mHAB1C0Q4hsQ7kNvwGa-jtm&amp;_nc_oc=AdrMhN6rXWd5g53KIRFitGrMtqSgfFGmrAGjR9kD2uRTx63idSaIznKWk0K34EL4SnTCmV07yiqHhM-5We6-Vds5&amp;_nc_zt=23&amp;_nc_ht=scontent-otp1-1.cdninstagram.com&amp;edm=ANo9K5cEAAAA&amp;_nc_gid=ZwV0Ue99F61NTPwCPcfT3g&amp;_nc_tpa=Q5bMBQGsQJMqfAxW_xet1oNojGX_RML4twImWqo0DGueR8phisyUP23inmbl31zSH5TEp4z65Z7M2dAqmw&amp;oh=00_Af0uV3RwAApzobZk2U1-kjIAHIE017_4F7vyHBb5BKBHrw&amp;oe=69E17CCD&quot;,&quot;320&quot;:&quot;https:\\\/\\\/scontent-otp1-1.cdninstagram.com\\\/v\\\/t51.71878-15\\\/659032369_1629844054797501_7322457490350763602_n.jpg?stp=dst-jpg_e35_tt6&amp;_nc_cat=111&amp;ccb=7-5&amp;_nc_sid=18de74&amp;efg=eyJlZmdfdGFnIjoiQ0xJUFMuYmVzdF9pbWFnZV91cmxnZW4uQzMifQ%3D%3D&amp;_nc_ohc=mHAB1C0Q4hsQ7kNvwGa-jtm&amp;_nc_oc=AdrMhN6rXWd5g53KIRFitGrMtqSgfFGmrAGjR9kD2uRTx63idSaIznKWk0K34EL4SnTCmV07yiqHhM-5We6-Vds5&amp;_nc_zt=23&amp;_nc_ht=scontent-otp1-1.cdninstagram.com&amp;edm=ANo9K5cEAAAA&amp;_nc_gid=ZwV0Ue99F61NTPwCPcfT3g&amp;_nc_tpa=Q5bMBQGsQJMqfAxW_xet1oNojGX_RML4twImWqo0DGueR8phisyUP23inmbl31zSH5TEp4z65Z7M2dAqmw&amp;oh=00_Af0uV3RwAApzobZk2U1-kjIAHIE017_4F7vyHBb5BKBHrw&amp;oe=69E17CCD&quot;,&quot;640&quot;:&quot;https:\\\/\\\/scontent-otp1-1.cdninstagram.com\\\/v\\\/t51.71878-15\\\/659032369_1629844054797501_7322457490350763602_n.jpg?stp=dst-jpg_e35_tt6&amp;_nc_cat=111&amp;ccb=7-5&amp;_nc_sid=18de74&amp;efg=eyJlZmdfdGFnIjoiQ0xJUFMuYmVzdF9pbWFnZV91cmxnZW4uQzMifQ%3D%3D&amp;_nc_ohc=mHAB1C0Q4hsQ7kNvwGa-jtm&amp;_nc_oc=AdrMhN6rXWd5g53KIRFitGrMtqSgfFGmrAGjR9kD2uRTx63idSaIznKWk0K34EL4SnTCmV07yiqHhM-5We6-Vds5&amp;_nc_zt=23&amp;_nc_ht=scontent-otp1-1.cdninstagram.com&amp;edm=ANo9K5cEAAAA&amp;_nc_gid=ZwV0Ue99F61NTPwCPcfT3g&amp;_nc_tpa=Q5bMBQGsQJMqfAxW_xet1oNojGX_RML4twImWqo0DGueR8phisyUP23inmbl31zSH5TEp4z65Z7M2dAqmw&amp;oh=00_Af0uV3RwAApzobZk2U1-kjIAHIE017_4F7vyHBb5BKBHrw&amp;oe=69E17CCD&quot;}\">\n            <span class=\"sbi-screenreader\">Ne-am convertit propriul VAN doar pentru a ajunge <\/span>\n            \t        <svg style=\"color: rgba(255,255,255,1)\" class=\"svg-inline--fa fa-play fa-w-14 sbi_playbtn\" aria-label=\"Play\" aria-hidden=\"true\" data-fa-processed=\"\" data-prefix=\"fa\" data-icon=\"play\" role=\"presentation\" xmlns=\"http:\/\/www.w3.org\/2000\/svg\" viewbox=\"0 0 448 512\"><path fill=\"currentColor\" d=\"M424.4 214.7L72.4 6.6C43.8-10.3 0 6.1 0 47.9V464c0 37.5 40.7 60.1 72.4 41.3l352-208c31.4-18.5 31.5-64.1 0-82.6z\"><\/path><\/svg>            <img decoding=\"async\" src=\"https:\/\/pinandtrip.com\/wp-content\/plugins\/instagram-feed\/img\/placeholder.png\" alt=\"Ne-am convertit propriul VAN doar pentru a ajunge la Nordkapp! De la momentul \u00een care ne-am decis sa cumparam ma\u0219ina, la conversie \u0219i omologare, \u0219i apoi la excursia de 3 luni pana \u00een Norvegia cu van-ul nostru... A fost un drum lung, o aventura de la \u00eenceput pana la sfarsit. \u0218i cu un rezultat pe m\u0103sur\u0103 \ud83d\udc4c\ud83c\udffbDa, acesta a fost cel mai mare vis al nostru, \u0219i l-am \u00eendeplinit!Tu ce vis nebun ai avut, pe care ai reu\u0219it s\u0103 \u00eel duci la bun sf\u00e2r\u0219it? \u2728#vanlife #campervan #norvegia #vanconversions\">\n        <\/a>\n    <\/div>\n<\/div>    <\/div>\n\n\t<div id=\"sbi_load\" >\n\n\t\n\t\t\t<span class=\"sbi_follow_btn sbi_custom\">\n        <a href=\"https:\/\/www.instagram.com\/pinandtrip\/\" style=\"background: rgb(31,172,173);\" target=\"_blank\" rel=\"nofollow noopener\">\n            <svg class=\"svg-inline--fa fa-instagram fa-w-14\" aria-hidden=\"true\" data-fa-processed=\"\" aria-label=\"Instagram\" data-prefix=\"fab\" data-icon=\"instagram\" role=\"img\" viewbox=\"0 0 448 512\">\n\t                <path fill=\"currentColor\" d=\"M224.1 141c-63.6 0-114.9 51.3-114.9 114.9s51.3 114.9 114.9 114.9S339 319.5 339 255.9 287.7 141 224.1 141zm0 189.6c-41.1 0-74.7-33.5-74.7-74.7s33.5-74.7 74.7-74.7 74.7 33.5 74.7 74.7-33.6 74.7-74.7 74.7zm146.4-194.3c0 14.9-12 26.8-26.8 26.8-14.9 0-26.8-12-26.8-26.8s12-26.8 26.8-26.8 26.8 12 26.8 26.8zm76.1 27.2c-1.7-35.9-9.9-67.7-36.2-93.9-26.2-26.2-58-34.4-93.9-36.2-37-2.1-147.9-2.1-184.9 0-35.8 1.7-67.6 9.9-93.9 36.1s-34.4 58-36.2 93.9c-2.1 37-2.1 147.9 0 184.9 1.7 35.9 9.9 67.7 36.2 93.9s58 34.4 93.9 36.2c37 2.1 147.9 2.1 184.9 0 35.9-1.7 67.7-9.9 93.9-36.2 26.2-26.2 34.4-58 36.2-93.9 2.1-37 2.1-147.8 0-184.8zM398.8 388c-7.8 19.6-22.9 34.7-42.6 42.6-29.5 11.7-99.5 9-132.1 9s-102.7 2.6-132.1-9c-19.6-7.8-34.7-22.9-42.6-42.6-11.7-29.5-9-99.5-9-132.1s-2.6-102.7 9-132.1c7.8-19.6 22.9-34.7 42.6-42.6 29.5-11.7 99.5-9 132.1-9s102.7-2.6 132.1 9c19.6 7.8 34.7 22.9 42.6 42.6 11.7 29.5 9 99.5 9 132.1s2.7 102.7-9 132.1z\"><\/path>\n\t            <\/svg>            <span>Follow on Instagram<\/span>\n        <\/a>\n    <\/span>\n\t\n<\/div>\n\n\t    <span class=\"sbi_resized_image_data\" data-feed-id=\"*2\" data-resized=\"{&quot;18338412127174704&quot;:{&quot;id&quot;:&quot;670620876_1389567859642189_402373490753719163_n&quot;,&quot;ratio&quot;:&quot;0.56&quot;,&quot;sizes&quot;:{&quot;full&quot;:640,&quot;low&quot;:320,&quot;thumb&quot;:150},&quot;extension&quot;:&quot;.webp&quot;},&quot;17853032028646180&quot;:{&quot;id&quot;:&quot;659032369_1629844054797501_7322457490350763602_n&quot;,&quot;ratio&quot;:&quot;0.56&quot;,&quot;sizes&quot;:{&quot;full&quot;:640,&quot;low&quot;:320,&quot;thumb&quot;:150},&quot;extension&quot;:&quot;.webp&quot;},&quot;18070563599359407&quot;:{&quot;id&quot;:&quot;670927873_985106834187354_5031974181528589279_n&quot;,&quot;ratio&quot;:&quot;0.56&quot;,&quot;sizes&quot;:{&quot;full&quot;:640,&quot;low&quot;:320,&quot;thumb&quot;:150},&quot;extension&quot;:&quot;.webp&quot;}}\">\n\t<\/span>\n\t<\/div>\n\n\t<style type=\"text\/css\">\n\t\t\t\t#sb_instagram #sbi_load .sbi_load_btn:hover{\n\t\t\toutline: none;\n\t\t\tbox-shadow: inset 0 0 20px 20px #1facad;\n\t\t}\n\t\t\t\t\n\t\t#sb_instagram .sbi_follow_btn a:hover,\n\t\t#sb_instagram .sbi_follow_btn a:focus{\n\t\t\toutline: none;\n\t\t\tbox-shadow: inset 0 0 10px 20px #002C2C;\n\t\t}\n\t\t\t<\/style>\n\t<\/div>\n\t\t\t\t<\/div>\n\t\t\t\t<\/div>\n\t\t\t\t\t<\/div>\n\t\t<\/div>\n\t\t\t\t\t<\/div>\n\t\t<\/section>\n\t\t\t\t<\/div>","protected":false},"excerpt":{"rendered":"<p>Atractiile turistice cele mai importante din Madeira, simbolurile insulei si imaginile reprezentative ale acestei destinatii exotice sunt reprezentate de cele doua varfuri montante inalte: Pico do Arieiro si Pico Ruivo. In acest articol iti prezint toate informatiile pe care trebuie sa le cunosti, daca vrei sa ajungi pe oricare dintre cele doua\u00a0 varfuri. Ce trebuie<\/p>","protected":false},"author":1,"featured_media":6739,"comment_status":"open","ping_status":"open","sticky":false,"template":"","format":"standard","meta":{"_themeisle_gutenberg_block_has_review":false,"footnotes":""},"categories":[96,5,16],"tags":[207],"class_list":["post-6624","post","type-post","status-publish","format-standard","has-post-thumbnail","hentry","category-portugalia","category-travel","category-vacanta-europa","tag-madeira"],"yoast_head":"<!-- This site is optimized with the Yoast SEO plugin v25.0 - https:\/\/yoast.com\/wordpress\/plugins\/seo\/ -->\n<title>Atractia nr. 1 din Madeira - Pico do Arieiro + Pico Ruivo - ghid<\/title>\n<meta name=\"description\" content=\"Descopera aici ghidul complet despre cum sa ajungi pe Pico do Areeiro si Pico Ruivo, cele mai importante obiective turistice din Madeira!\" \/>\n<meta name=\"robots\" content=\"index, follow, max-snippet:-1, max-image-preview:large, max-video-preview:-1\" \/>\n<link rel=\"canonical\" href=\"https:\/\/pinandtrip.com\/en\/atractia-turistica-nr-1-din-madeira-pico-do-arieiro-si-pico-ruivo-ghidul-complet\/\" \/>\n<meta property=\"og:locale\" content=\"en_US\" \/>\n<meta property=\"og:type\" content=\"article\" \/>\n<meta property=\"og:title\" content=\"Atractia nr. 1 din Madeira - Pico do Arieiro + Pico Ruivo - ghid\" \/>\n<meta property=\"og:description\" content=\"Descopera aici ghidul complet despre cum sa ajungi pe Pico do Areeiro si Pico Ruivo, cele mai importante obiective turistice din Madeira!\" \/>\n<meta property=\"og:url\" content=\"https:\/\/pinandtrip.com\/en\/atractia-turistica-nr-1-din-madeira-pico-do-arieiro-si-pico-ruivo-ghidul-complet\/\" \/>\n<meta property=\"og:site_name\" content=\"Pin &amp; Trip\" \/>\n<meta property=\"article:publisher\" content=\"https:\/\/www.facebook.com\/pinandtrip\" \/>\n<meta property=\"article:author\" content=\"https:\/\/www.facebook.com\/pinandtrip\/\" \/>\n<meta property=\"article:published_time\" content=\"2024-08-27T17:43:00+00:00\" \/>\n<meta property=\"article:modified_time\" content=\"2026-04-11T19:00:24+00:00\" \/>\n<meta property=\"og:image\" content=\"https:\/\/pinandtrip.com\/wp-content\/uploads\/2024\/08\/IMG_1595-scaled.jpg\" \/>\n\t<meta property=\"og:image:width\" content=\"1920\" \/>\n\t<meta property=\"og:image:height\" content=\"2560\" \/>\n\t<meta property=\"og:image:type\" content=\"image\/jpeg\" \/>\n<meta name=\"author\" content=\"Denisa &amp; Catalin\" \/>\n<meta name=\"twitter:card\" content=\"summary_large_image\" \/>\n<meta name=\"twitter:label1\" content=\"Written by\" \/>\n\t<meta name=\"twitter:data1\" content=\"Denisa &amp; Catalin\" \/>\n\t<meta name=\"twitter:label2\" content=\"Est. reading time\" \/>\n\t<meta name=\"twitter:data2\" content=\"9 minutes\" \/>\n<script type=\"application\/ld+json\" class=\"yoast-schema-graph\">{\"@context\":\"https:\/\/schema.org\",\"@graph\":[{\"@type\":\"WebPage\",\"@id\":\"https:\/\/pinandtrip.com\/atractia-turistica-nr-1-din-madeira-pico-do-arieiro-si-pico-ruivo-ghidul-complet\/\",\"url\":\"https:\/\/pinandtrip.com\/atractia-turistica-nr-1-din-madeira-pico-do-arieiro-si-pico-ruivo-ghidul-complet\/\",\"name\":\"Atractia nr. 1 din Madeira - Pico do Arieiro + Pico Ruivo - ghid\",\"isPartOf\":{\"@id\":\"https:\/\/pinandtrip.com\/#website\"},\"primaryImageOfPage\":{\"@id\":\"https:\/\/pinandtrip.com\/atractia-turistica-nr-1-din-madeira-pico-do-arieiro-si-pico-ruivo-ghidul-complet\/#primaryimage\"},\"image\":{\"@id\":\"https:\/\/pinandtrip.com\/atractia-turistica-nr-1-din-madeira-pico-do-arieiro-si-pico-ruivo-ghidul-complet\/#primaryimage\"},\"thumbnailUrl\":\"https:\/\/pinandtrip.com\/wp-content\/uploads\/2024\/08\/IMG_1595-scaled.jpg\",\"datePublished\":\"2024-08-27T17:43:00+00:00\",\"dateModified\":\"2026-04-11T19:00:24+00:00\",\"author\":{\"@id\":\"https:\/\/pinandtrip.com\/#\/schema\/person\/d08c2968191a56cf00541cde10d52b35\"},\"description\":\"Descopera aici ghidul complet despre cum sa ajungi pe Pico do Areeiro si Pico Ruivo, cele mai importante obiective turistice din Madeira!\",\"breadcrumb\":{\"@id\":\"https:\/\/pinandtrip.com\/atractia-turistica-nr-1-din-madeira-pico-do-arieiro-si-pico-ruivo-ghidul-complet\/#breadcrumb\"},\"inLanguage\":\"en-US\",\"potentialAction\":[{\"@type\":\"ReadAction\",\"target\":[\"https:\/\/pinandtrip.com\/atractia-turistica-nr-1-din-madeira-pico-do-arieiro-si-pico-ruivo-ghidul-complet\/\"]}]},{\"@type\":\"ImageObject\",\"inLanguage\":\"en-US\",\"@id\":\"https:\/\/pinandtrip.com\/atractia-turistica-nr-1-din-madeira-pico-do-arieiro-si-pico-ruivo-ghidul-complet\/#primaryimage\",\"url\":\"https:\/\/pinandtrip.com\/wp-content\/uploads\/2024\/08\/IMG_1595-scaled.jpg\",\"contentUrl\":\"https:\/\/pinandtrip.com\/wp-content\/uploads\/2024\/08\/IMG_1595-scaled.jpg\",\"width\":1920,\"height\":2560,\"caption\":\"PR 1 Pico do Arieiro - Pico Ruivo\"},{\"@type\":\"BreadcrumbList\",\"@id\":\"https:\/\/pinandtrip.com\/atractia-turistica-nr-1-din-madeira-pico-do-arieiro-si-pico-ruivo-ghidul-complet\/#breadcrumb\",\"itemListElement\":[{\"@type\":\"ListItem\",\"position\":1,\"name\":\"Home\",\"item\":\"https:\/\/pinandtrip.com\/\"},{\"@type\":\"ListItem\",\"position\":2,\"name\":\"Atractia turistica nr 1 din Madeira &#8211; Pico do Arieiro si Pico Ruivo \u2013 Ghidul complet\"}]},{\"@type\":\"WebSite\",\"@id\":\"https:\/\/pinandtrip.com\/#website\",\"url\":\"https:\/\/pinandtrip.com\/\",\"name\":\"Pin&Trip\",\"description\":\"\",\"potentialAction\":[{\"@type\":\"SearchAction\",\"target\":{\"@type\":\"EntryPoint\",\"urlTemplate\":\"https:\/\/pinandtrip.com\/?s={search_term_string}\"},\"query-input\":{\"@type\":\"PropertyValueSpecification\",\"valueRequired\":true,\"valueName\":\"search_term_string\"}}],\"inLanguage\":\"en-US\"},{\"@type\":\"Person\",\"@id\":\"https:\/\/pinandtrip.com\/#\/schema\/person\/d08c2968191a56cf00541cde10d52b35\",\"name\":\"Denisa &amp; Catalin\",\"image\":{\"@type\":\"ImageObject\",\"inLanguage\":\"en-US\",\"@id\":\"https:\/\/pinandtrip.com\/#\/schema\/person\/image\/\",\"url\":\"https:\/\/secure.gravatar.com\/avatar\/85010b4779316b4a50a10fd696a252eedd2e3bc661826b2722fde2a96c280f1b?s=96&d=mm&r=g\",\"contentUrl\":\"https:\/\/secure.gravatar.com\/avatar\/85010b4779316b4a50a10fd696a252eedd2e3bc661826b2722fde2a96c280f1b?s=96&d=mm&r=g\",\"caption\":\"Denisa &amp; Catalin\"},\"sameAs\":[\"https:\/\/pinandtrip.com\",\"https:\/\/www.facebook.com\/pinandtrip\/\",\"https:\/\/www.instagram.com\/pinandtrip\/\",\"https:\/\/www.youtube.com\/@pinandtrip\"]}]}<\/script>\n<!-- \/ Yoast SEO plugin. -->","yoast_head_json":{"title":"Atractia nr. 1 din Madeira - Pico do Arieiro + Pico Ruivo - ghid","description":"Descopera aici ghidul complet despre cum sa ajungi pe Pico do Areeiro si Pico Ruivo, cele mai importante obiective turistice din Madeira!","robots":{"index":"index","follow":"follow","max-snippet":"max-snippet:-1","max-image-preview":"max-image-preview:large","max-video-preview":"max-video-preview:-1"},"canonical":"https:\/\/pinandtrip.com\/en\/atractia-turistica-nr-1-din-madeira-pico-do-arieiro-si-pico-ruivo-ghidul-complet\/","og_locale":"en_US","og_type":"article","og_title":"Atractia nr. 1 din Madeira - Pico do Arieiro + Pico Ruivo - ghid","og_description":"Descopera aici ghidul complet despre cum sa ajungi pe Pico do Areeiro si Pico Ruivo, cele mai importante obiective turistice din Madeira!","og_url":"https:\/\/pinandtrip.com\/en\/atractia-turistica-nr-1-din-madeira-pico-do-arieiro-si-pico-ruivo-ghidul-complet\/","og_site_name":"Pin &amp; Trip","article_publisher":"https:\/\/www.facebook.com\/pinandtrip","article_author":"https:\/\/www.facebook.com\/pinandtrip\/","article_published_time":"2024-08-27T17:43:00+00:00","article_modified_time":"2026-04-11T19:00:24+00:00","og_image":[{"width":1920,"height":2560,"url":"https:\/\/pinandtrip.com\/wp-content\/uploads\/2024\/08\/IMG_1595-scaled.jpg","type":"image\/jpeg"}],"author":"Denisa &amp; Catalin","twitter_card":"summary_large_image","twitter_misc":{"Written by":"Denisa &amp; Catalin","Est. reading time":"9 minutes"},"schema":{"@context":"https:\/\/schema.org","@graph":[{"@type":"WebPage","@id":"https:\/\/pinandtrip.com\/atractia-turistica-nr-1-din-madeira-pico-do-arieiro-si-pico-ruivo-ghidul-complet\/","url":"https:\/\/pinandtrip.com\/atractia-turistica-nr-1-din-madeira-pico-do-arieiro-si-pico-ruivo-ghidul-complet\/","name":"Atractia nr. 1 din Madeira - Pico do Arieiro + Pico Ruivo - ghid","isPartOf":{"@id":"https:\/\/pinandtrip.com\/#website"},"primaryImageOfPage":{"@id":"https:\/\/pinandtrip.com\/atractia-turistica-nr-1-din-madeira-pico-do-arieiro-si-pico-ruivo-ghidul-complet\/#primaryimage"},"image":{"@id":"https:\/\/pinandtrip.com\/atractia-turistica-nr-1-din-madeira-pico-do-arieiro-si-pico-ruivo-ghidul-complet\/#primaryimage"},"thumbnailUrl":"https:\/\/pinandtrip.com\/wp-content\/uploads\/2024\/08\/IMG_1595-scaled.jpg","datePublished":"2024-08-27T17:43:00+00:00","dateModified":"2026-04-11T19:00:24+00:00","author":{"@id":"https:\/\/pinandtrip.com\/#\/schema\/person\/d08c2968191a56cf00541cde10d52b35"},"description":"Descopera aici ghidul complet despre cum sa ajungi pe Pico do Areeiro si Pico Ruivo, cele mai importante obiective turistice din Madeira!","breadcrumb":{"@id":"https:\/\/pinandtrip.com\/atractia-turistica-nr-1-din-madeira-pico-do-arieiro-si-pico-ruivo-ghidul-complet\/#breadcrumb"},"inLanguage":"en-US","potentialAction":[{"@type":"ReadAction","target":["https:\/\/pinandtrip.com\/atractia-turistica-nr-1-din-madeira-pico-do-arieiro-si-pico-ruivo-ghidul-complet\/"]}]},{"@type":"ImageObject","inLanguage":"en-US","@id":"https:\/\/pinandtrip.com\/atractia-turistica-nr-1-din-madeira-pico-do-arieiro-si-pico-ruivo-ghidul-complet\/#primaryimage","url":"https:\/\/pinandtrip.com\/wp-content\/uploads\/2024\/08\/IMG_1595-scaled.jpg","contentUrl":"https:\/\/pinandtrip.com\/wp-content\/uploads\/2024\/08\/IMG_1595-scaled.jpg","width":1920,"height":2560,"caption":"PR 1 Pico do Arieiro - Pico Ruivo"},{"@type":"BreadcrumbList","@id":"https:\/\/pinandtrip.com\/atractia-turistica-nr-1-din-madeira-pico-do-arieiro-si-pico-ruivo-ghidul-complet\/#breadcrumb","itemListElement":[{"@type":"ListItem","position":1,"name":"Home","item":"https:\/\/pinandtrip.com\/"},{"@type":"ListItem","position":2,"name":"Atractia turistica nr 1 din Madeira &#8211; Pico do Arieiro si Pico Ruivo \u2013 Ghidul complet"}]},{"@type":"WebSite","@id":"https:\/\/pinandtrip.com\/#website","url":"https:\/\/pinandtrip.com\/","name":"Pin&Trip","description":"","potentialAction":[{"@type":"SearchAction","target":{"@type":"EntryPoint","urlTemplate":"https:\/\/pinandtrip.com\/?s={search_term_string}"},"query-input":{"@type":"PropertyValueSpecification","valueRequired":true,"valueName":"search_term_string"}}],"inLanguage":"en-US"},{"@type":"Person","@id":"https:\/\/pinandtrip.com\/#\/schema\/person\/d08c2968191a56cf00541cde10d52b35","name":"Denisa &amp; Catalin","image":{"@type":"ImageObject","inLanguage":"en-US","@id":"https:\/\/pinandtrip.com\/#\/schema\/person\/image\/","url":"https:\/\/secure.gravatar.com\/avatar\/85010b4779316b4a50a10fd696a252eedd2e3bc661826b2722fde2a96c280f1b?s=96&d=mm&r=g","contentUrl":"https:\/\/secure.gravatar.com\/avatar\/85010b4779316b4a50a10fd696a252eedd2e3bc661826b2722fde2a96c280f1b?s=96&d=mm&r=g","caption":"Denisa &amp; Catalin"},"sameAs":["https:\/\/pinandtrip.com","https:\/\/www.facebook.com\/pinandtrip\/","https:\/\/www.instagram.com\/pinandtrip\/","https:\/\/www.youtube.com\/@pinandtrip"]}]}},"_links":{"self":[{"href":"https:\/\/pinandtrip.com\/en\/wp-json\/wp\/v2\/posts\/6624","targetHints":{"allow":["GET"]}}],"collection":[{"href":"https:\/\/pinandtrip.com\/en\/wp-json\/wp\/v2\/posts"}],"about":[{"href":"https:\/\/pinandtrip.com\/en\/wp-json\/wp\/v2\/types\/post"}],"author":[{"embeddable":true,"href":"https:\/\/pinandtrip.com\/en\/wp-json\/wp\/v2\/users\/1"}],"replies":[{"embeddable":true,"href":"https:\/\/pinandtrip.com\/en\/wp-json\/wp\/v2\/comments?post=6624"}],"version-history":[{"count":26,"href":"https:\/\/pinandtrip.com\/en\/wp-json\/wp\/v2\/posts\/6624\/revisions"}],"predecessor-version":[{"id":6850,"href":"https:\/\/pinandtrip.com\/en\/wp-json\/wp\/v2\/posts\/6624\/revisions\/6850"}],"wp:featuredmedia":[{"embeddable":true,"href":"https:\/\/pinandtrip.com\/en\/wp-json\/wp\/v2\/media\/6739"}],"wp:attachment":[{"href":"https:\/\/pinandtrip.com\/en\/wp-json\/wp\/v2\/media?parent=6624"}],"wp:term":[{"taxonomy":"category","embeddable":true,"href":"https:\/\/pinandtrip.com\/en\/wp-json\/wp\/v2\/categories?post=6624"},{"taxonomy":"post_tag","embeddable":true,"href":"https:\/\/pinandtrip.com\/en\/wp-json\/wp\/v2\/tags?post=6624"}],"curies":[{"name":"wp","href":"https:\/\/api.w.org\/{rel}","templated":true}]}}